{"id":8717,"date":"2025-07-18T18:47:26","date_gmt":"2025-07-18T18:47:26","guid":{"rendered":"https:\/\/www.cptmg.org.br\/portal\/?p=8717"},"modified":"2025-07-18T18:47:26","modified_gmt":"2025-07-18T18:47:26","slug":"se-o-pl-da-devastacao-for-sancionado-adeus-preservacao","status":"publish","type":"post","link":"https:\/\/www.cptmg.org.br\/portal\/se-o-pl-da-devastacao-for-sancionado-adeus-preservacao\/","title":{"rendered":"SE O PL DA DEVASTA\u00c7\u00c3O FOR SANCIONADO, ADEUS PRESERVA\u00c7\u00c3O!"},"content":{"rendered":"<p><strong>SE O PL DA DEVASTA\u00c7\u00c3O FOR SANCIONADO, ADEUS PRESERVA\u00c7\u00c3O!\u00a0<\/strong>Por frei Gilvander Moreira<a href=\"#_ftn1\" name=\"_ftnref1\"><sup>[1]<\/sup><\/a><\/p>\n<p><img loading=\"lazy\" decoding=\"async\" class=\"alignnone  wp-image-8718\" src=\"http:\/\/www.cptmg.org.br\/portal\/wp-content\/uploads\/2025\/07\/SaveClip.App_521326231_18291559939302091_8888012025753516325_n-240x300.webp\" alt=\"\" width=\"582\" height=\"728\" srcset=\"https:\/\/www.cptmg.org.br\/portal\/wp-content\/uploads\/2025\/07\/SaveClip.App_521326231_18291559939302091_8888012025753516325_n-240x300.webp 240w, https:\/\/www.cptmg.org.br\/portal\/wp-content\/uploads\/2025\/07\/SaveClip.App_521326231_18291559939302091_8888012025753516325_n-819x1024.webp 819w, https:\/\/www.cptmg.org.br\/portal\/wp-content\/uploads\/2025\/07\/SaveClip.App_521326231_18291559939302091_8888012025753516325_n.webp 1080w\" sizes=\"auto, (max-width: 582px) 100vw, 582px\" \/><\/p>\n<p>No Dia da Prote\u00e7\u00e3o \u00e0s Florestas, dia 17 de julho de 2025, de madrugada (vota\u00e7\u00e3o encerrou \u00e0s 3h40), na calada da noite, enquanto a maior parte dos povos brasileiros dormia, 267 deputados\/as da C\u00e2mara Federal, de forma s\u00f3rdida, aprovaram o PL 2159, o PL da devasta\u00e7\u00e3o socioambiental, abrindo as porteiras para os grandes capitalistas das mineradoras, do agroneg\u00f3cio e do Estado devastarem os territ\u00f3rios dos Povos Ind\u00edgenas, dos Povos e Comunidades Tradicionais e, na contram\u00e3o da Emerg\u00eancia Clim\u00e1tica, acelerarem a extin\u00e7\u00e3o da humanidade impondo desertifica\u00e7\u00e3o dos territ\u00f3rios do Brasil. A sabedoria popular avisa: \u201cDeus sempre perdoa, o ser humano, \u00e0s vezes, mas a Natureza jamais perdoa.\u201d A ministra Marina Silva alerta que se o PL da devasta\u00e7\u00e3o for sancionado \u201cadeus preserva\u00e7\u00e3o\u201d. Se foi aprovado \u00e0s escondidas, na calada da noite, \u00e9 algo brutal, n\u00e3o \u00e9 justo e nem \u00e9tico. Clamamos ao Presidente Lula, em nome da vida e em respeito \u00e0s pr\u00f3ximas gera\u00e7\u00f5es, VETE INTEGRALMENTE O PL 2159! Eis, abaixo, a justificativa para VETO integral.<\/p>\n<p><img loading=\"lazy\" decoding=\"async\" class=\" wp-image-8719 alignleft\" src=\"http:\/\/www.cptmg.org.br\/portal\/wp-content\/uploads\/2025\/07\/1752795054271-240x300.jpeg\" alt=\"\" width=\"323\" height=\"404\" srcset=\"https:\/\/www.cptmg.org.br\/portal\/wp-content\/uploads\/2025\/07\/1752795054271-240x300.jpeg 240w, https:\/\/www.cptmg.org.br\/portal\/wp-content\/uploads\/2025\/07\/1752795054271-819x1024.jpeg 819w, https:\/\/www.cptmg.org.br\/portal\/wp-content\/uploads\/2025\/07\/1752795054271.jpeg 1350w\" sizes=\"auto, (max-width: 323px) 100vw, 323px\" \/><\/p>\n<p>Logo ap\u00f3s aprova\u00e7\u00e3o no Senado Federal do Projeto de Lei n. 2159, que tinha sido aprovado em 2021 na C\u00e2mara Federal, este PL brutal e exterminador das condi\u00e7\u00f5es objetivas de vida foi aprovado novamente pela C\u00e2mara Federal, porque o PL sofreu v\u00e1rias altera\u00e7\u00f5es dr\u00e1sticas para pior no Senado.<\/p>\n<p>Dia 31 de maio \u00faltimo (2025), iniciaram-se em dezenas de cidades brasileiras Atos P\u00fablicos e Marchas exigindo que este PL 2159 fosse arquivado e jogado na lata de lixo da hist\u00f3ria, pois, em tese, considerado LEI GERAL DO LICENCIAMENTO, trata-se, pelo seu teor e conte\u00fado, de PL DA DEVASTA\u00c7\u00c3O SOCIOAMBIENTAL, porque, na pr\u00e1tica, imp\u00f5e o fim do regramento legal do Licenciamento Ambiental, imp\u00f5e o LICENCIAMENTO ZERO. Se sancionado pelo presidente Lula e n\u00e3o for derrubado pelo Supremo Tribunal Federal (STF) ser\u00e1 porteira escancarada para a \u201cBOIADA DAS BOIADAS\u201d, o PL do \u201cVALE TUDO\u201d para o grande capital \u2013 grandes empresas nacionais e transnacionais e o Estado \u2013 implantarem ditadura sobre os Povos que resistem no territ\u00f3rio brasileiro e sobre a Natureza \u2013 fim dos Direitos da Natureza -, al\u00e9m de acelerar a marcha b\u00e1rbara do capitalismo para a extin\u00e7\u00e3o da humanidade.<\/p>\n<p>O PL 2159 \u00e9 flagrantemente inconstitucional, pois viola muitos artigos da Constitui\u00e7\u00e3o de 1988. O conte\u00fado deste PL est\u00e1 na dire\u00e7\u00e3o contr\u00e1ria do que prev\u00ea a Constitui\u00e7\u00e3o Federal sobre o direito ao meio ambiente ecologicamente equilibrado . Precisa ser respeitado o Art. 225 da CF\/88 que diz: \u201c<em>Todos t\u00eam direito ao meio ambiente ecologicamente equilibrado, bem de uso comum do povo e essencial \u00e0 sadia qualidade de vida, impondo-se ao Poder P\u00fablico e \u00e0 coletividade o dever de defend\u00ea-lo e preserv\u00e1-lo para as presentes e futuras gera\u00e7\u00f5es<\/em>.&#8221;<\/p>\n<p><img loading=\"lazy\" decoding=\"async\" class=\"wp-image-8720 alignright\" src=\"http:\/\/www.cptmg.org.br\/portal\/wp-content\/uploads\/2025\/07\/SaveClip.App_520309504_18366945229177756_377925993540133332_n-240x300.jpg\" alt=\"\" width=\"361\" height=\"451\" srcset=\"https:\/\/www.cptmg.org.br\/portal\/wp-content\/uploads\/2025\/07\/SaveClip.App_520309504_18366945229177756_377925993540133332_n-240x300.jpg 240w, https:\/\/www.cptmg.org.br\/portal\/wp-content\/uploads\/2025\/07\/SaveClip.App_520309504_18366945229177756_377925993540133332_n-819x1024.jpg 819w, https:\/\/www.cptmg.org.br\/portal\/wp-content\/uploads\/2025\/07\/SaveClip.App_520309504_18366945229177756_377925993540133332_n.jpg 1080w\" sizes=\"auto, (max-width: 361px) 100vw, 361px\" \/><\/p>\n<p>Qual o teor e o conte\u00fado deste famigerado e desumano PL 2159? Em linhas gerais, este PL reduz obriga\u00e7\u00f5es das empresas e do Estado nas suas grandes obras, dilui o poder da fiscaliza\u00e7\u00e3o, ignora os Territ\u00f3rios Tradicionais, implode a base regulat\u00f3ria do Licenciamento Ambiental em vigor.<\/p>\n<p>Mudan\u00e7as Recentes (feitas pelo Senado Federal) no PL 2159: A) Introdu\u00e7\u00e3o da Licen\u00e7a Ambiental Especial (LAE), que libera de modo mais r\u00e1pido projetos considerados priorit\u00e1rios para o governo federal. A \u201ctoque de caixa\u201d, os projetos ser\u00e3o liberados sem os necess\u00e1rios estudos de impacto socioambiental. B) Inclus\u00e3o da minera\u00e7\u00e3o de m\u00e9dio porte e alto risco. Urge proibir tamb\u00e9m o fatiamento de grandes projetos em v\u00e1rios pequenos ou m\u00e9dios projetos para driblar um Licenciamento Ambiental rigoroso.<\/p>\n<p>O que muda no Licenciamento Ambiental com o novo PL da Devasta\u00e7\u00e3o: a) N\u00e3o define atividades sujeitas a licenciamento, transferindo para os estados e munic\u00edpios a decis\u00e3o sobre o que deve ou n\u00e3o ser licenciado. \u00c9 previs\u00edvel o que vai acontecer, diante de uma realidade de prefeitos no cabresto de grandes empresas, que quase sempre d\u00e3o uma de Pilatos e \u201clavam as m\u00e3os\u201d, ficando com as m\u00e3os cheias de sangue invis\u00edvel a olho nu, pois a omiss\u00e3o se torna cumplicidade diante dos projetos devastadores do ambiente; b) Cria a Licen\u00e7a Ambiental \u00danica (LAU), atestando em uma \u00fanica etapa a viabilidade da instala\u00e7\u00e3o, amplia\u00e7\u00e3o e opera\u00e7\u00e3o, em que aprova as a\u00e7\u00f5es de controle e monitoramento ambiental, estabelecendo condicionantes ambientais; No atual regramento, o Licenciamento deve acontecer em tr\u00eas etapas com as Licen\u00e7as Pr\u00e9via, de Instala\u00e7\u00e3o e de Opera\u00e7\u00e3o, sendo que a cada Licen\u00e7a s\u00e3o determinadas condicionantes que devem ser cumpridas para a obten\u00e7\u00e3o para pr\u00f3xima licen\u00e7a. A cria\u00e7\u00e3o da Licen\u00e7a \u00danica ser\u00e1 na pr\u00e1tica extin\u00e7\u00e3o das tr\u00eas licen\u00e7as, pois ser\u00e1 arremedo de licen\u00e7a s\u00f3 para p\u00f4r uma capa de legalidade em projetos brutais de devasta\u00e7\u00e3o socioambiental; c) Expande a Licen\u00e7a por Ades\u00e3o e Compromisso (LAC) para m\u00e9dio porte e m\u00e9dio potencial poluidor \u2013 o autolicenciamento do empreendedor\/empresa\/Estado. Legalizar autolicenciamento \u00e9 colocar \u201craposa para cuidar do galinheiro\u201d e viola flagrantemente os Direitos dos Povos e Comunidades Tradicionais que, al\u00e9m dos direitos inscritos na Constitui\u00e7\u00e3o Federal, t\u00eam direito \u00e0 Consulta Pr\u00e9via, Livre, Informada, de Boa-F\u00e9 e Consentida, conforme prescreve a Conven\u00e7\u00e3o 169 da OIT<a href=\"#_ftn2\" name=\"_ftnref2\"><span>[2]<\/span><\/a> da ONU<a href=\"#_ftn3\" name=\"_ftnref3\"><span>[3]<\/span><\/a>, homologada pelo Brasil desde 2004; d) Dispensa o licenciamento para atividades do agroneg\u00f3cio: pecu\u00e1ria extensiva, semiextensiva, intensiva de pequeno porte, al\u00e9m de obras de saneamento b\u00e1sico, rede el\u00e9trica de m\u00e9dia tens\u00e3o e melhorias de obras preexistentes; e) Dispensa Estudos e Relat\u00f3rio de Impacto Ambiental (EIA-RIMA) de empreendimentos que o \u00f3rg\u00e3o ambiental considerar livre de impacto (sem regra). Ou seja, fica legalizado o negacionismo e dispensados os estudos t\u00e9cnicos cient\u00edficos que tanta luz trazem sobre os projetos devastadores; f) Restringe o rol condicionantes; g) Reduz a participa\u00e7\u00e3o dos \u00f3rg\u00e3os colegiados: retira atribui\u00e7\u00f5es t\u00e9cnicas e normativas do SISNAMA<a href=\"#_ftn4\" name=\"_ftnref4\"><span>[4]<\/span><\/a>, CONAMA<a href=\"#_ftn5\" name=\"_ftnref5\"><span>[5]<\/span><\/a> e dos Conselhos Estaduais; g) Reduz a participa\u00e7\u00e3o de \u00f3rg\u00e3os t\u00e9cnicos e a prote\u00e7\u00e3o a \u00e1reas de conserva\u00e7\u00e3o (FUNAI<a href=\"#_ftn6\" name=\"_ftnref6\"><span>[6]<\/span><\/a>, IPHAN<a href=\"#_ftn7\" name=\"_ftnref7\"><span>[7]<\/span><\/a>, outros), pois seus pareceres n\u00e3o ser\u00e3o mais vinculantes (deliberativos), mas apenas consultivos; h) Ignora Territ\u00f3rios de Povos e Comunidades Tradicionais (inclui apenas Terras Ind\u00edgenas homologados e Territ\u00f3rios Quilombolas titulados), ou seja, mais de 90% das Terras Ind\u00edgenas e dos Territ\u00f3rios Quilombolas ser\u00e3o ignorados, por n\u00e3o ser homologados e nem com territ\u00f3rios titulados; i) Diminui a participa\u00e7\u00e3o social (s\u00f3 uma Audi\u00eancia P\u00fablica \u201cpara ingl\u00eas ver\u201d!); j) Desvincula o Licenciamento Ambiental das outorgas para o uso da \u00e1gua e do solo, ou seja, o abastecimento humano, que \u00e9 priorit\u00e1rio, n\u00e3o ser\u00e1 garantido (vem a\u00ed a guerra pela \u00e1gua!); l) N\u00e3o s\u00e3o considerados os planos de bacias hidrogr\u00e1ficas, a escuta dos Comit\u00eas de bacias e os Conselhos Estaduais e Federais de Recursos H\u00eddricos.<\/p>\n<p>Enfim, quem ganha com o PL 2159, o PL da Devasta\u00e7\u00e3o? Sem d\u00favida, a Bancada Ruralista, Bancada da Bala, do Boi e da B\u00edblia; grandes corpora\u00e7\u00f5es nacionais e transnacionais (mineradoras, grandes empres\u00e1rios do agro e hidroneg\u00f3cio, negacionistas clim\u00e1ticos e o Estado servi\u00e7al da classe dominante). E quem perde muito com o PL 2159? Os Povos Origin\u00e1rios, os Povos Tradicionais, a sociedade em geral e a Natureza, porque, se aprovado e sancionada lei com o teor do PL 2159, a desertifica\u00e7\u00e3o dos territ\u00f3rios se intensificar\u00e1, os eventos extremos ser\u00e3o cada vez mais frequentes e brutalmente letais. Os povos ser\u00e3o expropriados e for\u00e7ados a migrar sem ter para onde ir. Ser\u00e1 o caos social, com viol\u00eancia generalizada, mis\u00e9ria, fome, adoecimento descomunal, irrup\u00e7\u00e3o de epidemias&#8230; As condi\u00e7\u00f5es ambientais que garantem a reprodu\u00e7\u00e3o da vida social ser\u00e3o rompidas. Estaremos no desfiladeiro do fim da humanidade. O que resta dos biomas da Amaz\u00f4nia, do Cerrado, da Mata Atl\u00e2ntica, do Pantanal, da Caatinga e dos Pampas ser\u00e1 liquidado.<\/p>\n<p>Neste PL n\u00e3o h\u00e1 men\u00e7\u00e3o \u00e0 crise clim\u00e1tica nem \u00e0 palavra clima. Ignora-se de forma criminosa o grito estridente das sirenes da Emerg\u00eancia Clim\u00e1tica.<a href=\"#_ftn8\" name=\"_ftnref8\"><span>[8]<\/span><\/a> Se 2024 foi o ano que teve o maior n\u00famero de pessoas desalojadas por terem sido golpeadas pelos eventos extremos, um milh\u00e3o de pessoas, a hist\u00f3ria vai demonstrar que a cada ano o n\u00famero ser\u00e1 muito maior, pois crescer\u00e1 em progress\u00e3o geom\u00e9trica. \u00c9 absurdo dos absurdos nos preparativos para a 30\u00aa Confer\u00eancia das Na\u00e7\u00f5es Unidas sobre Mudan\u00e7a do Clima \u2013 Confer\u00eancia das Partes \u2013 (COP-30) destruir na pr\u00e1tica o regramento do Licenciamento Ambiental. O \u00a0\u00a0\u00a0\u00a0\u00a0\u00a0\u00a0\u00a0\u00a0\u00a0\u00a0\u00a0\u00a0\u00a0\u00a0\u00a0\u00a0\u00a0\u00a0\u00a0\u00a0\u00a0\u00a0\u00a0\u00a0\u00a0\u00a0\u00a0\u00a0\u00a0\u00a0\u00a0\u00a0\u00a0\u00a0\u00a0\u00a0\u00a0\u00a0\u00a0\u00a0\u00a0\u00a0\u00a0\u00a0\u00a0\u00a0retrocesso ambiental ser\u00e1 incomensur\u00e1vel.<\/p>\n<p>Concordamos com a an\u00e1lise pertinente feita pelo advogado popular Dr. Elcio Pacheco: \u201cO Projeto de Lei 2159\/2021, o \u201cPL da Devasta\u00e7\u00e3o\u201d, \u00e0s v\u00e9speras da COP 30, \u00e9 um esc\u00e1rnio e acinte ao arcabou\u00e7o do direito\u00a0 da natureza\u00a0 e ao\u00a0 direito\u00a0 ambiental! As mudan\u00e7as nos processos de Licenciamento Ambiental, cujas propostas estabelecem, entre outras viola\u00e7\u00f5es, a dispensa de licenciamento, a facilita\u00e7\u00e3o e flexibiliza\u00e7\u00e3o das exig\u00eancias, bem como a\u00a0 amplia\u00e7\u00e3o do uso da Licen\u00e7a por Ades\u00e3o e Compromisso (LAC) a empreendimentos de m\u00e9dio potencial poluidor, em car\u00e1ter\u00a0 unilateral\u00a0 a exemplo da\u00a0 autodeclara\u00e7\u00e3o do empreendedor\/empresa\/Estado, desprezando\u00a0 an\u00e1lises\u00a0 t\u00e9cnicas, como Estudos e Relat\u00f3rio de Impacto Ambiental (EIA\/RIMA) \u00e9\u00a0 um estelionato ao sistema protetivo do meio ambiente.\u00a0 ISTO \u00c9, n\u00e3o haver\u00e1 o crit\u00e9rio cient\u00edfico\u00a0 ou n\u00e3o passar\u00e1 pelo crivo\u00a0 de an\u00e1lises\u00a0 dos impactos\u00a0 socioambientais. RESULTAR\u00c1 com isso, que o Licenciamento Ambiental mais preciso se afastar\u00e1 de importantes regras inibidoras de desvios t\u00e9cnicos\u00a0 ou premiar\u00e1\u00a0 meros interesses\u00a0 econ\u00f4micos\u00a0 em brutal preju\u00edzo\u00a0 \u00e0 vida. Esse maldito PL visa suprimir ou flexibilizar a outorga do uso das \u00e1guas. VISA suprimir e fragilizar a participa\u00e7\u00e3o social e os direitos\u00a0 territoriais de\u00a0 todos\u00a0 os\u00a0 Povos e\u00a0 Comunidades Tradicionais.<\/p>\n<p>Por fim, reputamos que \u00e9 mais que URGENTE exigirmos ao STF fazer o controle de constitucionalidade desse famigerado PL, visto que viola, ao mesmo tempo, o direito\u00a0 \u00e0\u00a0 vida e a Consulta\u00a0 Pr\u00e9via,\u00a0 Livre, Informada, de Boa-F\u00e9 e Consentida, consagrado\u00a0 na Conven\u00e7\u00e3o 169 da OIT da ONU e em Pactos e Acordos\u00a0 em n\u00edvel\u00a0 nacional\u00a0 e internacional.\u201d<\/p>\n<p>Feliz e bendito quem se op\u00f5e radicalmente ao PL 2159\/2021, j\u00e1 com aprova\u00e7\u00e3o conclu\u00edda no Congresso Nacional, Projeto de Lei inconstitucional que desmonta as leis de Licenciamento Ambiental abrindo a porteira para a boiada do agroneg\u00f3cio, das mineradoras e do Estado capitalista para acelerar a coloca\u00e7\u00e3o no altar do sacrif\u00edcio territ\u00f3rios essenciais para a garantia das condi\u00e7\u00f5es de vida dos Povos e de toda a biodiversidade. Pelo exposto acima, Presidente Lula, vete integralmente este PL 2159 e demonstre na COP-30 seu compromisso com a defesa ambiental e com o desenvolvimento sustent\u00e1vel.<\/p>\n<p>18\/07\/2025.<\/p>\n<p>&nbsp;<\/p>\n<p><strong>Obs<\/strong>.: As videorreportagens nos links, abaixo, versam sobre o assunto tratado, acima.<\/p>\n<p><strong>1 &#8211; BH E MG CONTRA PL 2159\/2021, DEVASTA\u00c7\u00c3O SOCIOAMBIENTAL, EXTERMINADOR DO FUTURO, DESERTIFICADOR. N\u00c3O!<\/strong><\/p>\n<p><a href=\"https:\/\/www.youtube.com\/watch?v=DNuhLKv4_lo\">https:\/\/www.youtube.com\/watch?v=DNuhLKv4_lo<\/a><\/p>\n<p><strong>2 &#8211; PL 2159\/2021: PL DA DEVASTA\u00c7\u00c3O SOCIOAMBIENTAL, EXTERMINADOR DO FUTURO, DESERTIFICADOR DE TERRIT\u00d3RIOS<\/strong><\/p>\n<p><a href=\"https:\/\/www.youtube.com\/watch?v=EKp5Y7_zTRQ\">https:\/\/www.youtube.com\/watch?v=EKp5Y7_zTRQ<\/a><\/p>\n<p><strong>3 &#8211; PL 2159, PL DA DEVASTA\u00c7\u00c3O SOCIAMBIENTAL, INCONSTITUCIONAL, FIM DO LICENCIAMENTO AMBIENTAL. V\u00eddeo 1<\/strong><\/p>\n<p><a href=\"https:\/\/www.youtube.com\/watch?v=X5z1KQLCP0I\">https:\/\/www.youtube.com\/watch?v=X5z1KQLCP0I<\/a><\/p>\n<p><strong>4 &#8211; PL 2159, DEVASTA\u00c7\u00c3O SOCIAMBIENTAL, IMP\u00d5E DITADURA DO GRANDE CAPITAL SOBRE AMBIENTE E OS POVOS. V\u00edd 2<\/strong><\/p>\n<p><a href=\"https:\/\/www.youtube.com\/watch?v=wZPz_Veg-jE\">https:\/\/www.youtube.com\/watch?v=wZPz_Veg-jE<\/a><\/p>\n<p><strong>5 &#8211; PL 2159, PL DA DEVASTA\u00c7\u00c3O SOCIAMBIENTAL, INCONSTITUCIONAL, FIM DO LICENCIAMENTO AMBIENTAL. V\u00eddeo 01<\/strong><\/p>\n<p><a href=\"https:\/\/www.youtube.com\/watch?v=dSu2IsfA9p0\">https:\/\/www.youtube.com\/watch?v=dSu2IsfA9p0<\/a><\/p>\n<p><strong>6 &#8211; UFMG, Raquel\/Marcos\/Andrea: \u201cPL 2159\/2021 DESTRO\u00c7A O LICENCIAMENTO AMBIENTAL, \u00c9 AMEA\u00c7A \u00c0 HUMANIDADE&#8221;<\/strong><\/p>\n<p><a href=\"https:\/\/www.youtube.com\/watch?v=I07CfSzJ9pA\">https:\/\/www.youtube.com\/watch?v=I07CfSzJ9pA<\/a><\/p>\n<p><strong>7 &#8211; MINERA\u00c7\u00c3O NO BOTAFOGO, N\u00c3O! OURO PRETO\/MG CONTRA PL 2159\/2021, PL DA DEVASTA\u00c7\u00c3O SOCIOAMBIENTAL. Vid2<\/strong><\/p>\n<p><a href=\"https:\/\/www.youtube.com\/watch?v=gJw0AtYmOMQ\">https:\/\/www.youtube.com\/watch?v=gJw0AtYmOMQ<\/a><\/p>\n<p>&nbsp;<\/p>\n<p>&nbsp;<\/p>\n<p>&nbsp;<\/p>\n<p><a href=\"#_ftnref1\" name=\"_ftn1\"><sup>[1]<\/sup><\/a> Frei e padre da Ordem dos carmelitas; doutor em Educa\u00e7\u00e3o pela FAE\/UFMG; licenciado e bacharel em Filosofia pela UFPR; bacharel em Teologia pelo ITESP\/SP; mestre em Exegese B\u00edblica pelo Pontif\u00edcio Instituto B\u00edblico, em Roma, It\u00e1lia; assessor da CPT, CEBI e Ocupa\u00e7\u00f5es Urbanas; autor de livros e artigos. E-mail:\u00a0<a href=\"mailto:gilvanderlm@gmail.com\">gilvanderlm@gmail.com<\/a>\u00a0\u2013\u00a0<a href=\"http:\/\/www.gilvander.org.br\/\">www.gilvander.org.br<\/a>\u00a0\u2013\u00a0<a href=\"http:\/\/www.freigilvander.blogspot.com.br\/\">www.freigilvander.blogspot.com.br<\/a>\u00a0\u00a0\u00a0\u00a0\u00a0 \u2013\u00a0\u00a0\u00a0\u00a0\u00a0\u00a0\u00a0Canal no you tube: <a href=\"https:\/\/www.youtube.com\/@freigilvander\">https:\/\/www.youtube.com\/@freigilvander<\/a> \u00a0\u00a0\u00a0\u00a0 \u2013\u00a0\u00a0 \u00a0No instagram: @gilvanderluismoreira &#8211;\u00a0Facebook: Gilvander Moreira III<\/p>\n<p><a href=\"#_ftnref2\" name=\"_ftn2\"><span>[2]<\/span><\/a> Organiza\u00e7\u00e3o Internacional do Trabalho.<\/p>\n<p><a href=\"#_ftnref3\" name=\"_ftn3\"><span>[3]<\/span><\/a> Organiza\u00e7\u00e3o das Na\u00e7\u00f5es Unidas.<\/p>\n<p><a href=\"#_ftnref4\" name=\"_ftn4\">[4]<\/a> Sistema Nacional do Meio Ambiente.<\/p>\n<p><a href=\"#_ftnref5\" name=\"_ftn5\">[5]<\/a> Conselho Nacional do Meio Ambiente.<\/p>\n<p><a href=\"#_ftnref6\" name=\"_ftn6\">[6]<\/a> Funda\u00e7\u00e3o Nacional dos Povos Ind\u00edgenas.<\/p>\n<p><a href=\"#_ftnref7\" name=\"_ftn7\">[7]<\/a> Instituto do Patrim\u00f4nio Hist\u00f3rico e Art\u00edstico Nacional.<\/p>\n<p><a href=\"#_ftnref8\" name=\"_ftn8\"><span>[8]<\/span><\/a> Fonte Principal de consulta: SUMA\u00daMA &#8211; Di\u00e1rio de Guerra (28\/05\/25).<\/p>\n<p>&nbsp;<\/p>\n","protected":false},"excerpt":{"rendered":"<p>SE O PL DA DEVASTA\u00c7\u00c3O FOR SANCIONADO, ADEUS PRESERVA\u00c7\u00c3O!\u00a0Por frei Gilvander Moreira[1] No Dia da Prote\u00e7\u00e3o \u00e0s Florestas, dia 17 de julho de 2025, de madrugada (vota\u00e7\u00e3o encerrou \u00e0s 3h40), na calada da noite, enquanto a maior parte dos povos brasileiros dormia, 267 deputados\/as da C\u00e2mara Federal, de forma s\u00f3rdida, aprovaram o PL 2159, o&#8230;<\/p>\n","protected":false},"author":8,"featured_media":8718,"comment_status":"closed","ping_status":"closed","sticky":false,"template":"","format":"standard","meta":{"_acf_changed":false,"footnotes":""},"categories":[50,48,74,68,69,72,65,60,63,61,54,66,56,67,53,49],"tags":[],"class_list":["post-8717","post","type-post","status-publish","format-standard","has-post-thumbnail","hentry","category-artigo","category-cebs-comunidades-eclesiais-de-base","category-direito-a-agua","category-direito-a-historia","category-direito-a-saude","category-direito-a-terra","category-direitos-dos-carroceiros","category-direitos-dos-povos-ciganos","category-direitos-dos-povos-indigenas","category-direitos-dos-quilombolas","category-direitos-humanos","category-memoria","category-movimentos-sociais-populares","category-pedagogia-emanticipatoria","category-teologia-da-libertacao","category-videos-de-frei-gilvander"],"acf":[],"_links":{"self":[{"href":"https:\/\/www.cptmg.org.br\/portal\/wp-json\/wp\/v2\/posts\/8717","targetHints":{"allow":["GET"]}}],"collection":[{"href":"https:\/\/www.cptmg.org.br\/portal\/wp-json\/wp\/v2\/posts"}],"about":[{"href":"https:\/\/www.cptmg.org.br\/portal\/wp-json\/wp\/v2\/types\/post"}],"author":[{"embeddable":true,"href":"https:\/\/www.cptmg.org.br\/portal\/wp-json\/wp\/v2\/users\/8"}],"replies":[{"embeddable":true,"href":"https:\/\/www.cptmg.org.br\/portal\/wp-json\/wp\/v2\/comments?post=8717"}],"version-history":[{"count":1,"href":"https:\/\/www.cptmg.org.br\/portal\/wp-json\/wp\/v2\/posts\/8717\/revisions"}],"predecessor-version":[{"id":8721,"href":"https:\/\/www.cptmg.org.br\/portal\/wp-json\/wp\/v2\/posts\/8717\/revisions\/8721"}],"wp:featuredmedia":[{"embeddable":true,"href":"https:\/\/www.cptmg.org.br\/portal\/wp-json\/wp\/v2\/media\/8718"}],"wp:attachment":[{"href":"https:\/\/www.cptmg.org.br\/portal\/wp-json\/wp\/v2\/media?parent=8717"}],"wp:term":[{"taxonomy":"category","embeddable":true,"href":"https:\/\/www.cptmg.org.br\/portal\/wp-json\/wp\/v2\/categories?post=8717"},{"taxonomy":"post_tag","embeddable":true,"href":"https:\/\/www.cptmg.org.br\/portal\/wp-json\/wp\/v2\/tags?post=8717"}],"curies":[{"name":"wp","href":"https:\/\/api.w.org\/{rel}","templated":true}]}}