{"id":7816,"date":"2023-04-20T17:45:32","date_gmt":"2023-04-20T17:45:32","guid":{"rendered":"https:\/\/www.cptmg.org.br\/portal\/i-encontro-de-paje-e-a-celebracao-da-x-festa-indigena-na-aldeia-geru-tucuna-pataxo-no-municipio-de-acucena-mg\/"},"modified":"2025-01-31T15:43:36","modified_gmt":"2025-01-31T15:43:36","slug":"i-encontro-de-paje-e-a-celebracao-da-x-festa-indigena-na-aldeia-geru-tucuna-pataxo-no-municipio-de-acucena-mg","status":"publish","type":"post","link":"https:\/\/www.cptmg.org.br\/portal\/i-encontro-de-paje-e-a-celebracao-da-x-festa-indigena-na-aldeia-geru-tucuna-pataxo-no-municipio-de-acucena-mg\/","title":{"rendered":"<strong>I Encontro de Paj\u00e9 e a celebra\u00e7\u00e3o da X Festa Ind\u00edgena na Aldeia Geru Tucun\u00e3 Patax\u00f3, no munic\u00edpio de A\u00e7ucena, MG<\/strong>"},"content":{"rendered":"\n<p><strong>I Encontro de Paj\u00e9 e a celebra\u00e7\u00e3o da X Festa Ind\u00edgena na Aldeia Geru Tucun\u00e3 Patax\u00f3, no munic\u00edpio de A\u00e7ucena, MG<\/strong><\/p>\n\n\n\n<figure class=\"wp-block-image size-large\"><img decoding=\"async\" src=\"https:\/\/www.cptmg.org.br\/portal\/wp-content\/uploads\/2023\/04\/WhatsApp-Image-2023-04-20-at-17.16.28-2-1024x768.jpeg\" alt=\"\" class=\"wp-image-8966\"\/><figcaption class=\"wp-element-caption\"><strong>I Encontro de Paj\u00e9 e a celebra\u00e7\u00e3o da X Festa Ind\u00edgena na Aldeia Geru Tucun\u00e3 Patax\u00f3, no munic\u00edpio de A\u00e7ucena, MG<\/strong>. Fotos: Arquivo da CPT-MG<\/figcaption><\/figure>\n\n\n\n<p>Como parte do Abril Ind\u00edgena de 2023, dias 12, 13 e 14 de abril 2023, aconteceu na Aldeia Geru Tucun\u00e3 Patax\u00f3, no munic\u00edpio de A\u00e7ucena, MG, no Vale do Rio Doce, o <strong>I Encontro de Paj\u00e9 e a celebra\u00e7\u00e3o da X Festa Ind\u00edgena<\/strong>.<\/p>\n\n\n\n<p>No dia 12 foi a chegada dos parentes e no dia 13 foi o Encontro dos Anci\u00e3os, com a participa\u00e7\u00e3o da Paj\u00e9 Jassan\u00e3 da Aldeia Velha (Arraial da Jud\u00e1\/ BA) e dos Povos Ind\u00edgenas Patax\u00f3 da Aldeia Geru Tucun\u00e3 (de A\u00e7ucena); Kiriri, de Caldas, no sul de MG; Xucuru-Kariri, de Presidente Oleg\u00e1rio, no Alto Parana\u00edba, em MG; e do Povo Patax\u00f3 da Aldeia Imbiru\u00e7u e Sede, de Carm\u00e9sia, MG.<\/p>\n\n\n\n<p>&nbsp;Foi uma troca de experi\u00eancias entre os Anci\u00e3os sobre a import\u00e2ncia da espiritualidade e do conhecimento das ervas medicinais. A Participa\u00e7\u00e3o de Giselma Xucuru-Kariri, representante da microrregi\u00e3o das mulheres na APOIMNHE, teve momento de conversa com as mulheres para discutir o fortalecimento do Movimento Ind\u00edgena em Minas Gerais, a participa\u00e7\u00e3o das mulheres, e a import\u00e2ncia de retomar encontros para reuni-las.<\/p>\n\n\n\n<p>No dia 14 foi realizado a X Festa Ind\u00edgena aberta ao p\u00fablico em geral com rituais, dan\u00e7as, c\u00e2nticos e cerim\u00f4nia de casamento com objetivo de levar \u00e0 sociedade, escolas e universidade a import\u00e2ncia da conscientiza\u00e7\u00e3o, do respeito e da valoriza\u00e7\u00e3o da cultura e da m\u00edstica ind\u00edgena. Descontextualizar tem sido um grave equ\u00edvoco da verdadeira hist\u00f3ria dos Povos Ind\u00edgenas em nosso pa\u00eds. O evento s\u00f3 foi realizado com o apoio de parceiros, entidades e as contribui\u00e7\u00f5es via PIX para Associa\u00e7\u00e3o Ind\u00edgena Ger\u00fa Tucun\u00e3 Patax\u00f3. Continuamos na luta e resist\u00eancia para a conquista no nosso territ\u00f3rio.<\/p>\n\n\n\n<figure class=\"wp-block-image size-full\"><img decoding=\"async\" src=\"https:\/\/www.cptmg.org.br\/portal\/wp-content\/uploads\/2023\/04\/WhatsApp-Image-2023-04-20-at-17.16.26-1.jpeg\" alt=\"\" class=\"wp-image-8967\"\/><\/figure>\n\n\n\n<figure class=\"wp-block-image size-large\"><img decoding=\"async\" src=\"https:\/\/www.cptmg.org.br\/portal\/wp-content\/uploads\/2023\/04\/WhatsApp-Image-2023-04-20-at-17.16.26-1024x1024.jpeg\" alt=\"\" class=\"wp-image-8968\"\/><\/figure>\n\n\n\n<figure class=\"wp-block-image size-large\"><img decoding=\"async\" src=\"https:\/\/www.cptmg.org.br\/portal\/wp-content\/uploads\/2023\/04\/WhatsApp-Image-2023-04-20-at-17.16.27-1-1024x768.jpeg\" alt=\"\" class=\"wp-image-8969\"\/><\/figure>\n\n\n\n<figure class=\"wp-block-image size-large\"><img decoding=\"async\" src=\"https:\/\/www.cptmg.org.br\/portal\/wp-content\/uploads\/2023\/04\/WhatsApp-Image-2023-04-20-at-17.16.27-768x1024.jpeg\" alt=\"\" class=\"wp-image-8970\"\/><\/figure>\n\n\n\n<figure class=\"wp-block-image size-large\"><img decoding=\"async\" src=\"https:\/\/www.cptmg.org.br\/portal\/wp-content\/uploads\/2023\/04\/WhatsApp-Image-2023-04-20-at-17.16.28-1-768x1024.jpeg\" alt=\"\" class=\"wp-image-8971\"\/><\/figure>\n\n\n\n<figure class=\"wp-block-image size-large\"><img decoding=\"async\" src=\"https:\/\/www.cptmg.org.br\/portal\/wp-content\/uploads\/2023\/04\/WhatsApp-Image-2023-04-20-at-17.16.28-3-1024x768.jpeg\" alt=\"\" class=\"wp-image-8973\"\/><\/figure>\n","protected":false},"excerpt":{"rendered":"<p>I Encontro de Paj\u00e9 e a celebra\u00e7\u00e3o da X Festa Ind\u00edgena na Aldeia Geru Tucun\u00e3 Patax\u00f3, no munic\u00edpio de A\u00e7ucena, MG Como parte do Abril Ind\u00edgena de 2023, dias 12, 13 e 14 de abril 2023, aconteceu na Aldeia Geru Tucun\u00e3 Patax\u00f3, no munic\u00edpio de A\u00e7ucena, MG, no Vale do Rio Doce, o I Encontro&#8230;<\/p>\n","protected":false},"author":8,"featured_media":7817,"comment_status":"open","ping_status":"open","sticky":false,"template":"","format":"standard","meta":{"_acf_changed":false,"footnotes":""},"categories":[50,74,71,68,69,72,73,63,54,56,67,53],"tags":[],"class_list":["post-7816","post","type-post","status-publish","format-standard","has-post-thumbnail","hentry","category-artigo","category-direito-a-agua","category-direito-a-cultura-popular","category-direito-a-historia","category-direito-a-saude","category-direito-a-terra","category-direitos-das-mulheres","category-direitos-dos-povos-indigenas","category-direitos-humanos","category-movimentos-sociais-populares","category-pedagogia-emanticipatoria","category-teologia-da-libertacao"],"acf":[],"_links":{"self":[{"href":"https:\/\/www.cptmg.org.br\/portal\/wp-json\/wp\/v2\/posts\/7816","targetHints":{"allow":["GET"]}}],"collection":[{"href":"https:\/\/www.cptmg.org.br\/portal\/wp-json\/wp\/v2\/posts"}],"about":[{"href":"https:\/\/www.cptmg.org.br\/portal\/wp-json\/wp\/v2\/types\/post"}],"author":[{"embeddable":true,"href":"https:\/\/www.cptmg.org.br\/portal\/wp-json\/wp\/v2\/users\/8"}],"replies":[{"embeddable":true,"href":"https:\/\/www.cptmg.org.br\/portal\/wp-json\/wp\/v2\/comments?post=7816"}],"version-history":[{"count":0,"href":"https:\/\/www.cptmg.org.br\/portal\/wp-json\/wp\/v2\/posts\/7816\/revisions"}],"wp:featuredmedia":[{"embeddable":true,"href":"https:\/\/www.cptmg.org.br\/portal\/wp-json\/wp\/v2\/media\/7817"}],"wp:attachment":[{"href":"https:\/\/www.cptmg.org.br\/portal\/wp-json\/wp\/v2\/media?parent=7816"}],"wp:term":[{"taxonomy":"category","embeddable":true,"href":"https:\/\/www.cptmg.org.br\/portal\/wp-json\/wp\/v2\/categories?post=7816"},{"taxonomy":"post_tag","embeddable":true,"href":"https:\/\/www.cptmg.org.br\/portal\/wp-json\/wp\/v2\/tags?post=7816"}],"curies":[{"name":"wp","href":"https:\/\/api.w.org\/{rel}","templated":true}]}}