{"id":7474,"date":"2022-04-15T09:31:33","date_gmt":"2022-04-15T09:31:33","guid":{"rendered":"https:\/\/www.cptmg.org.br\/portal\/novamente-familias-sem-terra-do-mst-e-posseiros-sao-ameacados-por-fazendeiro-e-pistoleiros-no-municipio-de-gameleiras-no-norte-de-mg\/"},"modified":"2025-01-31T15:43:29","modified_gmt":"2025-01-31T15:43:29","slug":"novamente-familias-sem-terra-do-mst-e-posseiros-sao-ameacados-por-fazendeiro-e-pistoleiros-no-municipio-de-gameleiras-no-norte-de-mg","status":"publish","type":"post","link":"https:\/\/www.cptmg.org.br\/portal\/novamente-familias-sem-terra-do-mst-e-posseiros-sao-ameacados-por-fazendeiro-e-pistoleiros-no-municipio-de-gameleiras-no-norte-de-mg\/","title":{"rendered":"NOVAMENTE FAM\u00cdLIAS SEM TERRA DO MST E POSSEIROS S\u00c3O AMEA\u00c7ADOS POR FAZENDEIRO E PISTOLEIROS NO MUNIC\u00cdPIO DE GAMELEIRAS, no NORTE DE MG"},"content":{"rendered":"\n<p><strong>DEN\u00daNCIA GRAVE! NOVAMENTE FAM\u00cdLIAS SEM TERRA DO MST E POSSEIROS S\u00c3O AMEA\u00c7ADOS POR FAZENDEIRO E PISTOLEIROS NO MUNIC\u00cdPIO DE GAMELEIRAS, no NORTE DE MG<\/strong><\/p>\n\n\n\n<figure class=\"wp-block-embed is-type-video is-provider-youtube wp-block-embed-youtube wp-embed-aspect-16-9 wp-has-aspect-ratio\"><div class=\"wp-block-embed__wrapper\">\n<iframe loading=\"lazy\" title=\"FAM\u00cdLIAS SEM TERRA DO MST E POSSEIROS S\u00c3O AMEA\u00c7ADOS POR FAZENDEIRO E PISTOLEIROS EM GAMELEIRAS, MG\" width=\"640\" height=\"360\" src=\"https:\/\/www.youtube.com\/embed\/vlhFoJoHIP8?feature=oembed\" frameborder=\"0\" allow=\"accelerometer; autoplay; clipboard-write; encrypted-media; gyroscope; picture-in-picture; web-share\" referrerpolicy=\"strict-origin-when-cross-origin\" allowfullscreen><\/iframe>\n<\/div><\/figure>\n\n\n\n<figure class=\"wp-block-image size-large is-resized\"><img loading=\"lazy\" decoding=\"async\" src=\"http:\/\/www.cptmg.org.br\/portal\/wp-content\/uploads\/2022\/04\/WhatsApp-Image-2022-04-15-at-09.00.32-1024x768.jpeg\" alt=\"\" class=\"wp-image-6878\" width=\"840\" height=\"630\"\/><figcaption>Fotos dos poss\u00edveis jagun\u00e7os do fazendeiro Eduardo Savio (grileiro) e de Marcos Aur\u00e9lio (Nem).<\/figcaption><\/figure>\n\n\n\n<p>Ontem, dia 14 de abril de 2022, 100 fam\u00edlias camponesas Sem Terra e posseiros ligados ao MST (Movimento dos Trabalhadores Rurais Sem Terra) est\u00e3o sendo amea\u00e7adas fisicamente e psicologicamente pelo fazendeiro EDUARDO SAVIO VIGGIANO DE ALMEIDA, o funcion\u00e1rio p\u00fablico municipal e \u201csuposto\u201d gerente da fazenda, Marcos Aur\u00e9lio Ferreira (Nem, &#8220;gerente&#8221;), com mais tr\u00eas pessoas com armas de fogo (seguran\u00e7as do fazendeiro JOSE MACEDO NETO), no local Fazenda Santa Cec\u00edlia Belvale, da empresa SIDERPA Energ\u00e9tica e Agropastoril LTDA, localizado no munic\u00edpio de Gameleiras, no norte do estado de Minas Gerais.<\/p>\n\n\n\n<div class=\"wp-block-image\"><figure class=\"alignleft size-large is-resized\"><img loading=\"lazy\" decoding=\"async\" src=\"http:\/\/www.cptmg.org.br\/portal\/wp-content\/uploads\/2022\/04\/WhatsApp-Image-2022-04-15-at-09.00.33-1024x768.jpeg\" alt=\"\" class=\"wp-image-6879\" width=\"454\" height=\"340\"\/><\/figure><\/div>\n\n\n\n<p>Os grileiros n\u00e3o possuem documento da terra e nem mesmo processo judicial de reintegra\u00e7\u00e3o de posse. O latif\u00fandio de 5 mil hectares foi ocupado pacificamente, em 18 de novembro de 2021, \u00e0 luz do dia, em meio a muito abandono, sem cumprir sua fun\u00e7\u00e3o social. Tal latif\u00fandio est\u00e1 largado, ocioso, h\u00e1 mais de 20 (vinte anos), n\u00e3o produzindo nenhum alimento. N\u00e3o h\u00e1 sede na fazenda. O latif\u00fandio em quest\u00e3o n\u00e3o cumpre a Fun\u00e7\u00e3o Social da Propriedade que est\u00e1 expressamente prevista na Constitui\u00e7\u00e3o Federal de 1988. A luta coletiva do MST objetiva o envolvimento de todos e todas que se comprometem pela transforma\u00e7\u00e3o social, de forma que se sintam correspons\u00e1veis solidariamente, sendo sujeitos hist\u00f3ricos, sociais e pol\u00edticos. Pela liberta\u00e7\u00e3o da terra e de seus filhos\/as lutamos. O latif\u00fandio N\u00c3O PERTENCE AO GRIILEIRO EDUARDO S\u00c1VIO DE ALMEIDA. Sobre os crimes consumados contra a comunidade (crimes de amea\u00e7a, de persegui\u00e7\u00e3o e do ato da \u201cjusti\u00e7a com as pr\u00f3prias m\u00e3os\u201d), vejamos o que o C\u00f3digo Penal diz: &#8220;<em>Amea\u00e7a Art. 147 &#8211; Amea\u00e7ar algu\u00e9m, por palavra, escrito ou gesto, ou qualquer outro meio simb\u00f3lico, de causar-lhe mal injusto e grave. Pena: deten\u00e7\u00e3o, de um a seis meses, ou multa.\u201d \u201cPersegui\u00e7\u00e3o Art. 147-A. Perseguir algu\u00e9m, reiteradamente e por qualquer meio, amea\u00e7ando-lhe a integridade f\u00edsica ou psicol\u00f3gica, restringindo-lhe a capacidade de locomo\u00e7\u00e3o ou de qualquer forma, invadindo ou perturbando sua esfera de liberdade ou privacidade. Pena: reclus\u00e3o, de 6 (seis) meses a 2 (dois) anos, e multa. \u00a7 1\u00ba A pena \u00e9 aumentada de metade se o crime \u00e9 cometido: I \u2013 contra crian\u00e7a, adolescente ou idoso; II \u2013 contra mulher por raz\u00f5es da condi\u00e7\u00e3o de sexo feminino, nos termos do \u00a7 2\u00ba-A do art. 121 deste C\u00f3digo; III \u2013 mediante concurso de 2 (duas) ou mais pessoas ou com o emprego de arma.\u201d \u201cExerc\u00edcio arbitr\u00e1rio das pr\u00f3prias raz\u00f5es Art. 345 &#8211; Fazer justi\u00e7a pelas pr\u00f3prias m\u00e3os, para satisfazer pretens\u00e3o&#8230;\u201d<\/em><\/p>\n\n\n\n<p>ASSIM COBRAMOS e EXIGIMOS DAS AUTORIDADES LEGAIS DO ESTADO DE MINAS GERAIS E DA <strong>SEGURAN\u00c7A P\u00daBLICA DE MINAS GERAIS, PROVID\u00caNCIAS LEGAIS E APURA\u00c7\u00c3O DAS NOSSAS DEN\u00daNCIAS, COM URG\u00caNCIA, antes que aconte\u00e7a massacre.<\/strong><\/p>\n\n\n\n<p><strong>Assinam esta Nota P\u00fablica<\/strong>:<\/p>\n\n\n\n<p>Movimento dos Trabalhadores Rurais Sem Terra (MST)<\/p>\n\n\n\n<p>Comiss\u00e3o Pastoral da Terra (CPT\/MG)<\/p>\n\n\n\n<p>Gameleiras, norte de MG, 15 de abril de 2022<\/p>\n","protected":false},"excerpt":{"rendered":"<p>DEN\u00daNCIA GRAVE! NOVAMENTE FAM\u00cdLIAS SEM TERRA DO MST E POSSEIROS S\u00c3O AMEA\u00c7ADOS POR FAZENDEIRO E PISTOLEIROS NO MUNIC\u00cdPIO DE GAMELEIRAS, no NORTE DE MG Ontem, dia 14 de abril de 2022, 100 fam\u00edlias camponesas Sem Terra e posseiros ligados ao MST (Movimento dos Trabalhadores Rurais Sem Terra) est\u00e3o sendo amea\u00e7adas fisicamente e psicologicamente pelo fazendeiro&#8230;<\/p>\n","protected":false},"author":8,"featured_media":7475,"comment_status":"open","ping_status":"open","sticky":false,"template":"","format":"standard","meta":{"_acf_changed":false,"footnotes":""},"categories":[50,74,68,69,72,61,54,51,56,59,67,53,41],"tags":[],"class_list":["post-7474","post","type-post","status-publish","format-standard","has-post-thumbnail","hentry","category-artigo","category-direito-a-agua","category-direito-a-historia","category-direito-a-saude","category-direito-a-terra","category-direitos-dos-quilombolas","category-direitos-humanos","category-luta-pela-terra-e-reforma-agraria","category-movimentos-sociais-populares","category-nota-publica","category-pedagogia-emanticipatoria","category-teologia-da-libertacao","category-videos"],"acf":[],"_links":{"self":[{"href":"https:\/\/www.cptmg.org.br\/portal\/wp-json\/wp\/v2\/posts\/7474","targetHints":{"allow":["GET"]}}],"collection":[{"href":"https:\/\/www.cptmg.org.br\/portal\/wp-json\/wp\/v2\/posts"}],"about":[{"href":"https:\/\/www.cptmg.org.br\/portal\/wp-json\/wp\/v2\/types\/post"}],"author":[{"embeddable":true,"href":"https:\/\/www.cptmg.org.br\/portal\/wp-json\/wp\/v2\/users\/8"}],"replies":[{"embeddable":true,"href":"https:\/\/www.cptmg.org.br\/portal\/wp-json\/wp\/v2\/comments?post=7474"}],"version-history":[{"count":0,"href":"https:\/\/www.cptmg.org.br\/portal\/wp-json\/wp\/v2\/posts\/7474\/revisions"}],"wp:featuredmedia":[{"embeddable":true,"href":"https:\/\/www.cptmg.org.br\/portal\/wp-json\/wp\/v2\/media\/7475"}],"wp:attachment":[{"href":"https:\/\/www.cptmg.org.br\/portal\/wp-json\/wp\/v2\/media?parent=7474"}],"wp:term":[{"taxonomy":"category","embeddable":true,"href":"https:\/\/www.cptmg.org.br\/portal\/wp-json\/wp\/v2\/categories?post=7474"},{"taxonomy":"post_tag","embeddable":true,"href":"https:\/\/www.cptmg.org.br\/portal\/wp-json\/wp\/v2\/tags?post=7474"}],"curies":[{"name":"wp","href":"https:\/\/api.w.org\/{rel}","templated":true}]}}