{"id":7472,"date":"2022-04-13T22:44:27","date_gmt":"2022-04-13T22:44:27","guid":{"rendered":"https:\/\/www.cptmg.org.br\/portal\/denuncia-segurancas-armados-da-vale-s-a-ameacam-e-intimidam-indigenas-na-retomada-xukuru-kariri-em-brumadinho-mg\/"},"modified":"2025-01-31T15:43:29","modified_gmt":"2025-01-31T15:43:29","slug":"denuncia-segurancas-armados-da-vale-s-a-ameacam-e-intimidam-indigenas-na-retomada-xukuru-kariri-em-brumadinho-mg","status":"publish","type":"post","link":"https:\/\/www.cptmg.org.br\/portal\/denuncia-segurancas-armados-da-vale-s-a-ameacam-e-intimidam-indigenas-na-retomada-xukuru-kariri-em-brumadinho-mg\/","title":{"rendered":"Den\u00fancia: Seguran\u00e7as armados da Vale S\/A amea\u00e7am e intimidam Ind\u00edgenas \u00a0na Retomada XuKuru Kariri, em Brumadinho, MG"},"content":{"rendered":"\n<p><strong>Den\u00fancia: Seguran\u00e7as armados da Vale S\/A amea\u00e7am e intimidam Ind\u00edgenas \u00a0na Retomada XuKuru Kariri, em Brumadinho, MG<\/strong><\/p>\n\n\n\n<figure class=\"wp-block-image size-large is-resized\"><img loading=\"lazy\" decoding=\"async\" src=\"http:\/\/www.cptmg.org.br\/portal\/wp-content\/uploads\/2022\/04\/a-576x1024.jpg\" alt=\"\" class=\"wp-image-6851\" width=\"759\" height=\"1349\"\/><figcaption>Fotos: Comunidade Ind\u00edgena Xukuru Kariri, de Brumadinho, MG, 13\/4\/22<\/figcaption><\/figure>\n\n\n\n<p>Hoje, dia 13 de abril de 2022, por volta das sete horas da manha os seguran\u00e7as armados contratados pela empresa criminosa mineradora Vale S.A cometeram mais um crime contra a etnia Xukuru Kariri que est\u00e3o em processo de retomada do Territ\u00f3rio em Brumadinho, regi\u00e3o metropolitana de Belo Horizonte, MG. Desde que iniciou a Retomada, os seguran\u00e7as armados da Vale S\/A mant\u00eam guarda na entrada do Territ\u00f3rio da Aldeia Xukuru Kariri, que hoje est\u00e1 judicializado pela empresa Vale S\/A, que tenta expulsar a comunidade intimidando todas as pessoas que necessitam entrar na retomada, ind\u00edgenas e apoiadores. Os seguran\u00e7as armados da Vale S\/A impedem, sem nenhuma autoriza\u00e7\u00e3o judicial, que os carros entrem na Retomada, at\u00e9 mesmo para levar \u00e1gua e alimenta\u00e7\u00e3o. Assim, a Comunidade Ind\u00edgena Xukuru Kariri improvisou outro acesso para a circula\u00e7\u00e3o das pessoas. &nbsp;Hoje pela manh\u00e3, as mulheres e as crian\u00e7as, ao dirigir-se para o distrito de Aranha, no munic\u00edpio de Brumadinho, para resolver quest\u00f5es de acesso a educa\u00e7\u00e3o, deparam-se com caminh\u00f5es despejando terra no acesso da comunidade, como pode ser visto na foto abaixo.<\/p>\n\n\n\n<div class=\"wp-block-image\"><figure class=\"alignleft size-large is-resized\"><img loading=\"lazy\" decoding=\"async\" src=\"http:\/\/www.cptmg.org.br\/portal\/wp-content\/uploads\/2022\/04\/b-576x1024.jpg\" alt=\"\" class=\"wp-image-6852\" width=\"382\" height=\"679\"\/><\/figure><\/div>\n\n\n\n<figure class=\"wp-block-image size-full\"><img decoding=\"async\" src=\"http:\/\/www.cptmg.org.br\/portal\/wp-content\/uploads\/2022\/04\/c.jpg\" alt=\"\" class=\"wp-image-6853\"\/><\/figure>\n\n\n\n<p><\/p>\n\n\n\n<p>Esta a\u00e7\u00e3o criminosa da mineradora Vale S\/A contra os povos ind\u00edgenas intensifica a amea\u00e7a e a viola\u00e7\u00e3o da privacidade dos povos. Mais um ato violento de intimida\u00e7\u00e3o psicol\u00f3gica a todo o povo ind\u00edgena, especialmente \u00e0s crian\u00e7as, aos idosos e \u00e0s mulheres.<\/p>\n\n\n\n<p>No dia 27\/03\/2022, os ind\u00edgenas Xukuru Kariri verificaram, na entrada da Retomada, onde os seguran\u00e7as armados da Vale ficam dia e noite, um pneu de um dos carros dos ind\u00edgenas furado a faca, inclusive registrado em um Boletim de Ocorr\u00eancia na sede do munic\u00edpio de Brumadinho. No momento do registro do B.O, a PM local ofereceu dificuldades para que as lideran\u00e7as ind\u00edgenas registrassem o fato ocorrido. &nbsp;<\/p>\n\n\n\n<div class=\"wp-block-image\"><figure class=\"alignleft size-full\"><img decoding=\"async\" src=\"http:\/\/www.cptmg.org.br\/portal\/wp-content\/uploads\/2022\/04\/d.jpg\" alt=\"\" class=\"wp-image-6854\"\/><\/figure><\/div>\n\n\n\n<figure class=\"wp-block-image size-full\"><img decoding=\"async\" src=\"http:\/\/www.cptmg.org.br\/portal\/wp-content\/uploads\/2022\/04\/e.jpg\" alt=\"\" class=\"wp-image-6855\"\/><\/figure>\n\n\n\n<div class=\"wp-block-image\"><figure class=\"alignleft size-full\"><img decoding=\"async\" src=\"http:\/\/www.cptmg.org.br\/portal\/wp-content\/uploads\/2022\/04\/f.jpg\" alt=\"\" class=\"wp-image-6856\"\/><\/figure><\/div>\n\n\n\n<figure class=\"wp-block-image size-large is-resized\"><img loading=\"lazy\" decoding=\"async\" src=\"http:\/\/www.cptmg.org.br\/portal\/wp-content\/uploads\/2022\/04\/g-576x1024.jpg\" alt=\"\" class=\"wp-image-6857\" width=\"429\" height=\"762\"\/><\/figure>\n\n\n\n<p>As duas retomadas, Xukuru Kariri e Kamak\u00e3 Mongoi\u00f3, ambas em Brumadinho, MG, e em conflito com a empresa Vale S\/A, vem sofrendo intimida\u00e7\u00e3o dos seguran\u00e7as armados da Vale S\/A. Os povos relatam diversos casos e formas de viol\u00eancia que vem sofrendo nestas \u00e1reas. A Vale S\/A n\u00e3o tem autoriza\u00e7\u00e3o judicial para retirar as comunidades e mesmo assim, violando o direito dos ind\u00edgenas de reivindicar seus territ\u00f3rios de vida, previstos na Constitui\u00e7\u00e3o Federal. Absurdo a Vale S\/A continuar proibindo o direito de ir e vir dos Povos Ind\u00edgenas da Aldeia Xukuru Kariri, bloqueando a estrada.<\/p>\n\n\n\n<p>Exigimos a\u00e7\u00e3o do Estado para a retirada dos seguran\u00e7as armados da Vale S\/A dos arredores das Retomadas. Ap\u00f3s o assassinato do Rio Paraopeba e de 273 pessoas sepultadas vivas pela Vale S\/A n\u00e3o podemos aceitar que a empresa Vale continue a violar os direitos tamb\u00e9m os povos ind\u00edgenas. O Estado tem a obriga\u00e7\u00e3o de defender os povos ind\u00edgenas. A\u00e7\u00f5es s\u00e3o urgentes para resolver os graves conflitos. Cad\u00ea o Minist\u00e9rio P\u00fablico estadual e Federal para agirem na prote\u00e7\u00e3o das comunidades Ind\u00edgenas de Brumadinho? At\u00e9 quando autoridades do Estado v\u00e3o continuar de joelho diante do poderio da mineradora Vale S\/A?<\/p>\n\n\n\n<p>Brumadinho, MG, 13 de abril de 2022.<\/p>\n\n\n\n<p>Assina esta Nota:<\/p>\n\n\n\n<p>Comiss\u00e3o Pastoral da Terra de Minas Gerais (CPT\/MG)<\/p>\n","protected":false},"excerpt":{"rendered":"<p>Den\u00fancia: Seguran\u00e7as armados da Vale S\/A amea\u00e7am e intimidam Ind\u00edgenas \u00a0na Retomada XuKuru Kariri, em Brumadinho, MG Hoje, dia 13 de abril de 2022, por volta das sete horas da manha os seguran\u00e7as armados contratados pela empresa criminosa mineradora Vale S.A cometeram mais um crime contra a etnia Xukuru Kariri que est\u00e3o em processo de&#8230;<\/p>\n","protected":false},"author":8,"featured_media":7473,"comment_status":"open","ping_status":"open","sticky":false,"template":"","format":"standard","meta":{"_acf_changed":false,"footnotes":""},"categories":[50],"tags":[],"class_list":["post-7472","post","type-post","status-publish","format-standard","has-post-thumbnail","hentry","category-artigo"],"acf":[],"_links":{"self":[{"href":"https:\/\/www.cptmg.org.br\/portal\/wp-json\/wp\/v2\/posts\/7472","targetHints":{"allow":["GET"]}}],"collection":[{"href":"https:\/\/www.cptmg.org.br\/portal\/wp-json\/wp\/v2\/posts"}],"about":[{"href":"https:\/\/www.cptmg.org.br\/portal\/wp-json\/wp\/v2\/types\/post"}],"author":[{"embeddable":true,"href":"https:\/\/www.cptmg.org.br\/portal\/wp-json\/wp\/v2\/users\/8"}],"replies":[{"embeddable":true,"href":"https:\/\/www.cptmg.org.br\/portal\/wp-json\/wp\/v2\/comments?post=7472"}],"version-history":[{"count":0,"href":"https:\/\/www.cptmg.org.br\/portal\/wp-json\/wp\/v2\/posts\/7472\/revisions"}],"wp:featuredmedia":[{"embeddable":true,"href":"https:\/\/www.cptmg.org.br\/portal\/wp-json\/wp\/v2\/media\/7473"}],"wp:attachment":[{"href":"https:\/\/www.cptmg.org.br\/portal\/wp-json\/wp\/v2\/media?parent=7472"}],"wp:term":[{"taxonomy":"category","embeddable":true,"href":"https:\/\/www.cptmg.org.br\/portal\/wp-json\/wp\/v2\/categories?post=7472"},{"taxonomy":"post_tag","embeddable":true,"href":"https:\/\/www.cptmg.org.br\/portal\/wp-json\/wp\/v2\/tags?post=7472"}],"curies":[{"name":"wp","href":"https:\/\/api.w.org\/{rel}","templated":true}]}}