{"id":7367,"date":"2021-12-16T21:12:56","date_gmt":"2021-12-16T21:12:56","guid":{"rendered":"https:\/\/www.cptmg.org.br\/portal\/trabalho-escravo-existe-numero-de-resgatados-do-trabalho-escravo-e-ate-o-momento-o-maior-desde-2013\/"},"modified":"2025-01-31T15:43:27","modified_gmt":"2025-01-31T15:43:27","slug":"trabalho-escravo-existe-numero-de-resgatados-do-trabalho-escravo-e-ate-o-momento-o-maior-desde-2013","status":"publish","type":"post","link":"https:\/\/www.cptmg.org.br\/portal\/trabalho-escravo-existe-numero-de-resgatados-do-trabalho-escravo-e-ate-o-momento-o-maior-desde-2013\/","title":{"rendered":"Trabalho Escravo Existe. N\u00famero de resgatados do trabalho escravo \u00e9, at\u00e9 o momento, o maior desde 2013"},"content":{"rendered":"\n<h1 class=\"wp-block-heading\"><strong>Trabalho Escravo Existe. N\u00famero de resgatados do trabalho escravo \u00e9, at\u00e9 o momento, o maior desde 2013<\/strong><\/h1>\n\n\n\n<figure class=\"wp-block-image size-large is-resized\"><img loading=\"lazy\" decoding=\"async\" src=\"https:\/\/i0.wp.com\/www.cptmg.org.br\/portal\/wp-content\/uploads\/2021\/12\/WhatsApp-Image-2021-12-15-at-15.11.06.jpeg?fit=723%2C723&amp;ssl=1\" alt=\"\" class=\"wp-image-6452\" width=\"760\" height=\"760\"\/><\/figure>\n\n\n\n<p>De acordo com dados da Campanha Nacional da CPT (Comiss\u00e3o Pastoral da Terra) de Combate ao Trabalho Escravo, o n\u00famero de resgatados do trabalho escravo em 2021 j\u00e1 chega a 1.636 . Os n\u00fameros correspondem ao per\u00edodo de 1 de janeiro a 09 de dezembro deste ano. Foram 151 casos de trabalho escravo no meio rural , dos quais 142 foram fiscalizados. O estado de Minas Gerais lidera com 49 casos e 731 pessoas resgatadas .<\/p>\n\n\n\n<p>Registrou-se um aumento de 102% em rela\u00e7\u00e3o ao n\u00famero de pessoas resgatadas dessa pr\u00e1tica em todo o ano de 2020. Desse total, 54 eram crian\u00e7as e adolescentes . Em Minas Gerais, que lidera o ranking, foram registrados 49 dos 151 casos identificados e 731 dos 1.636 resgatados do trabalho escravo rural. Seguido por Goi\u00e1s, com 291 libertados, e Par\u00e1 com 94.<\/p>\n\n\n\n<p>\ud83d\udccd Confira os dados completos : https:\/\/bit.ly\/30xnBBA<\/p>\n\n\n\n<figure class=\"wp-block-image size-large is-resized\"><img loading=\"lazy\" decoding=\"async\" src=\"https:\/\/i1.wp.com\/www.cptmg.org.br\/portal\/wp-content\/uploads\/2021\/12\/WhatsApp-Image-2021-12-15-at-15.11.07.jpeg?fit=723%2C723&amp;ssl=1\" alt=\"\" class=\"wp-image-6453\" width=\"761\" height=\"761\"\/><\/figure>\n\n\n\n<figure class=\"wp-block-image size-large is-resized\"><img loading=\"lazy\" decoding=\"async\" src=\"https:\/\/i0.wp.com\/www.cptmg.org.br\/portal\/wp-content\/uploads\/2021\/12\/WhatsApp-Image-2021-12-15-at-15.11.08-1.jpeg?fit=723%2C723&amp;ssl=1\" alt=\"\" class=\"wp-image-6454\" width=\"758\" height=\"758\"\/><\/figure>\n\n\n\n<figure class=\"wp-block-image size-large is-resized\"><img loading=\"lazy\" decoding=\"async\" src=\"https:\/\/i2.wp.com\/www.cptmg.org.br\/portal\/wp-content\/uploads\/2021\/12\/WhatsApp-Image-2021-12-15-at-15.11.08.jpeg?fit=723%2C723&amp;ssl=1\" alt=\"\" class=\"wp-image-6455\" width=\"758\" height=\"758\"\/><\/figure>\n\n\n\n<figure class=\"wp-block-image size-large is-resized\"><img loading=\"lazy\" decoding=\"async\" src=\"https:\/\/i2.wp.com\/www.cptmg.org.br\/portal\/wp-content\/uploads\/2021\/12\/WhatsApp-Image-2021-12-15-at-15.11.09-1.jpeg?fit=723%2C723&amp;ssl=1\" alt=\"\" class=\"wp-image-6456\" width=\"759\" height=\"759\"\/><\/figure>\n\n\n\n<figure class=\"wp-block-image size-large is-resized\"><img loading=\"lazy\" decoding=\"async\" src=\"https:\/\/i1.wp.com\/www.cptmg.org.br\/portal\/wp-content\/uploads\/2021\/12\/WhatsApp-Image-2021-12-15-at-15.11.09.jpeg?fit=723%2C723&amp;ssl=1\" alt=\"\" class=\"wp-image-6457\" width=\"756\" height=\"756\"\/><\/figure>\n","protected":false},"excerpt":{"rendered":"<p>Trabalho Escravo Existe. N\u00famero de resgatados do trabalho escravo \u00e9, at\u00e9 o momento, o maior desde 2013 De acordo com dados da Campanha Nacional da CPT (Comiss\u00e3o Pastoral da Terra) de Combate ao Trabalho Escravo, o n\u00famero de resgatados do trabalho escravo em 2021 j\u00e1 chega a 1.636 . Os n\u00fameros correspondem ao per\u00edodo de&#8230;<\/p>\n","protected":false},"author":8,"featured_media":7368,"comment_status":"open","ping_status":"open","sticky":false,"template":"","format":"standard","meta":{"_acf_changed":false,"footnotes":""},"categories":[50,69,72,61,54,51,59],"tags":[],"class_list":["post-7367","post","type-post","status-publish","format-standard","has-post-thumbnail","hentry","category-artigo","category-direito-a-saude","category-direito-a-terra","category-direitos-dos-quilombolas","category-direitos-humanos","category-luta-pela-terra-e-reforma-agraria","category-nota-publica"],"acf":[],"_links":{"self":[{"href":"https:\/\/www.cptmg.org.br\/portal\/wp-json\/wp\/v2\/posts\/7367","targetHints":{"allow":["GET"]}}],"collection":[{"href":"https:\/\/www.cptmg.org.br\/portal\/wp-json\/wp\/v2\/posts"}],"about":[{"href":"https:\/\/www.cptmg.org.br\/portal\/wp-json\/wp\/v2\/types\/post"}],"author":[{"embeddable":true,"href":"https:\/\/www.cptmg.org.br\/portal\/wp-json\/wp\/v2\/users\/8"}],"replies":[{"embeddable":true,"href":"https:\/\/www.cptmg.org.br\/portal\/wp-json\/wp\/v2\/comments?post=7367"}],"version-history":[{"count":0,"href":"https:\/\/www.cptmg.org.br\/portal\/wp-json\/wp\/v2\/posts\/7367\/revisions"}],"wp:featuredmedia":[{"embeddable":true,"href":"https:\/\/www.cptmg.org.br\/portal\/wp-json\/wp\/v2\/media\/7368"}],"wp:attachment":[{"href":"https:\/\/www.cptmg.org.br\/portal\/wp-json\/wp\/v2\/media?parent=7367"}],"wp:term":[{"taxonomy":"category","embeddable":true,"href":"https:\/\/www.cptmg.org.br\/portal\/wp-json\/wp\/v2\/categories?post=7367"},{"taxonomy":"post_tag","embeddable":true,"href":"https:\/\/www.cptmg.org.br\/portal\/wp-json\/wp\/v2\/tags?post=7367"}],"curies":[{"name":"wp","href":"https:\/\/api.w.org\/{rel}","templated":true}]}}