{"id":6386,"date":"2019-07-19T08:09:45","date_gmt":"2019-07-19T08:09:45","guid":{"rendered":"https:\/\/www.cptmg.org.br\/portal\/vozes-do-quilombo-souza-na-vila-teixeira-em-belo-horizonte-mg-radio-itatiaia-frei-gilvander-e-glaucia-despejo-nao-18-7-2019\/"},"modified":"2025-01-31T15:43:09","modified_gmt":"2025-01-31T15:43:09","slug":"vozes-do-quilombo-souza-na-vila-teixeira-em-belo-horizonte-mg-radio-itatiaia-frei-gilvander-e-glaucia-despejo-nao-18-7-2019","status":"publish","type":"post","link":"https:\/\/www.cptmg.org.br\/portal\/vozes-do-quilombo-souza-na-vila-teixeira-em-belo-horizonte-mg-radio-itatiaia-frei-gilvander-e-glaucia-despejo-nao-18-7-2019\/","title":{"rendered":"Vozes do Quilombo Souza, na Vila Teixeira, em Belo Horizonte, MG. R\u00e1dio Itatiaia: Frei Gilvander e Gl\u00e1ucia. DESPEJO, N\u00c3O! &#8211; 18\/7\/2019."},"content":{"rendered":"\n<p><strong>Vozes do Quilombo Souza, na Vila Teixeira, em Belo Horizonte, MG. R\u00e1dio Itatiaia: Frei Gilvander e Gl\u00e1ucia. DESPEJO, N\u00c3O! &#8211; 18\/7\/2019.<\/strong><\/p>\n\n\n\n<figure class=\"wp-block-embed-youtube wp-block-embed is-type-video is-provider-youtube wp-embed-aspect-16-9 wp-has-aspect-ratio\"><div class=\"wp-block-embed__wrapper\">\n<iframe loading=\"lazy\" title=\"Vozes do Quilombo Souza\/Vila Teixeira\/BH. R\u00e1dio Itatiaia: Frei Gilvander e Gl\u00e1ucia. DESPEJO, N\u00c3O!\" width=\"640\" height=\"360\" src=\"https:\/\/www.youtube.com\/embed\/0TuVW8hoBSw?feature=oembed\" frameborder=\"0\" allow=\"accelerometer; autoplay; clipboard-write; encrypted-media; gyroscope; picture-in-picture; web-share\" referrerpolicy=\"strict-origin-when-cross-origin\" allowfullscreen><\/iframe>\n<\/div><\/figure>\n\n\n\n<p>Vozes do Quilombo Souza no Programa Chamada Geral, com J\u00fanior Moreira, na R\u00e1dio Itatiaia, de Belo Horizonte, MG: Frei Gilvander Moreira, da CPT, e a quilombola Gl\u00e1ucia Martins. Na pauta do programa, o injusto e ilegal despejo da Comunidade Quilombola da Vila Teixeira, no Bairro Santa Tereza, cora\u00e7\u00e3o hist\u00f3rico de Belo Horizonte, para o dia 25 de julho pr\u00f3ximo. Uma injusti\u00e7a que clama ao c\u00e9u! <\/p>\n\n\n\n<figure class=\"wp-block-image\"><img decoding=\"async\" src=\"http:\/\/www.cptmg.org.br\/portal\/wp-content\/uploads\/2019\/07\/Quilombo-souza-Reconhecido-pela-Funda\u00e7\u00e3o-Palmares.jpg\" alt=\"\" class=\"wp-image-3618\"\/><\/figure>\n\n\n\n<p>*\u00c1udio gravado por frei\nGilvander Moreira, da CPT, das CEBs e do CEBI. Edi\u00e7\u00e3o de N\u00e1dia Oliveira,\ncolaboradora da CPT-MG. Belo Horizonte, MG, 18\/7\/2019. <\/p>\n\n\n\n<p>*Inscreva-se no You Tube, no\nCanal Frei Gilvander Luta pela Terra e por Direitos, no link: <a href=\"https:\/\/www.youtube.com\/user\/fgilvander\">https:\/\/www.youtube.com\/user\/fgilvander<\/a>,\nacione o sininho, receba as notifica\u00e7\u00f5es de envio de v\u00eddeos e assista a\ndiversos v\u00eddeos de luta por direitos sociais. Se assistir e gostar,\ncompartilhe. Sugerimos. <\/p>\n","protected":false},"excerpt":{"rendered":"<p>Vozes do Quilombo Souza, na Vila Teixeira, em Belo Horizonte, MG. R\u00e1dio Itatiaia: Frei Gilvander e Gl\u00e1ucia. DESPEJO, N\u00c3O! &#8211; 18\/7\/2019. Vozes do Quilombo Souza no Programa Chamada Geral, com J\u00fanior Moreira, na R\u00e1dio Itatiaia, de Belo Horizonte, MG: Frei Gilvander Moreira, da CPT, e a quilombola Gl\u00e1ucia Martins. Na pauta do programa, o injusto&#8230;<\/p>\n","protected":false},"author":8,"featured_media":6387,"comment_status":"open","ping_status":"open","sticky":false,"template":"","format":"standard","meta":{"_acf_changed":false,"footnotes":""},"categories":[74,68,72,61,54,56,67,53,49],"tags":[],"class_list":["post-6386","post","type-post","status-publish","format-standard","has-post-thumbnail","hentry","category-direito-a-agua","category-direito-a-historia","category-direito-a-terra","category-direitos-dos-quilombolas","category-direitos-humanos","category-movimentos-sociais-populares","category-pedagogia-emanticipatoria","category-teologia-da-libertacao","category-videos-de-frei-gilvander"],"acf":[],"_links":{"self":[{"href":"https:\/\/www.cptmg.org.br\/portal\/wp-json\/wp\/v2\/posts\/6386","targetHints":{"allow":["GET"]}}],"collection":[{"href":"https:\/\/www.cptmg.org.br\/portal\/wp-json\/wp\/v2\/posts"}],"about":[{"href":"https:\/\/www.cptmg.org.br\/portal\/wp-json\/wp\/v2\/types\/post"}],"author":[{"embeddable":true,"href":"https:\/\/www.cptmg.org.br\/portal\/wp-json\/wp\/v2\/users\/8"}],"replies":[{"embeddable":true,"href":"https:\/\/www.cptmg.org.br\/portal\/wp-json\/wp\/v2\/comments?post=6386"}],"version-history":[{"count":0,"href":"https:\/\/www.cptmg.org.br\/portal\/wp-json\/wp\/v2\/posts\/6386\/revisions"}],"wp:featuredmedia":[{"embeddable":true,"href":"https:\/\/www.cptmg.org.br\/portal\/wp-json\/wp\/v2\/media\/6387"}],"wp:attachment":[{"href":"https:\/\/www.cptmg.org.br\/portal\/wp-json\/wp\/v2\/media?parent=6386"}],"wp:term":[{"taxonomy":"category","embeddable":true,"href":"https:\/\/www.cptmg.org.br\/portal\/wp-json\/wp\/v2\/categories?post=6386"},{"taxonomy":"post_tag","embeddable":true,"href":"https:\/\/www.cptmg.org.br\/portal\/wp-json\/wp\/v2\/tags?post=6386"}],"curies":[{"name":"wp","href":"https:\/\/api.w.org\/{rel}","templated":true}]}}