{"id":5545,"date":"2018-08-03T17:40:31","date_gmt":"2018-08-03T17:40:31","guid":{"rendered":"https:\/\/www.cptmg.org.br\/portal\/ocupacao-retomada-dos-indigenas-pataxo-puri-carajas-e-pataxo-hahahae-em-sao-joaquim-de-bicas-mg-e-campanha-de-apoio\/"},"modified":"2025-01-31T15:42:47","modified_gmt":"2025-01-31T15:42:47","slug":"ocupacao-retomada-dos-indigenas-pataxo-puri-carajas-e-pataxo-hahahae-em-sao-joaquim-de-bicas-mg-e-campanha-de-apoio","status":"publish","type":"post","link":"https:\/\/www.cptmg.org.br\/portal\/ocupacao-retomada-dos-indigenas-pataxo-puri-carajas-e-pataxo-hahahae-em-sao-joaquim-de-bicas-mg-e-campanha-de-apoio\/","title":{"rendered":"Ocupa\u00e7\u00e3o\/Retomada dos ind\u00edgenas Patax\u00f3, Puri, Caraj\u00e1s e Patax\u00f3 H\u00e3h\u00e3h\u00e3e em S\u00e3o Joaquim de Bicas, MG, e Campanha de Apoio."},"content":{"rendered":"<p><strong>Ocupa\u00e7\u00e3o\/Retomada dos ind\u00edgenas Patax\u00f3, Puri, Caraj\u00e1s e Patax\u00f3 H\u00e3h\u00e3h\u00e3e em S\u00e3o Joaquim de Bicas, MG, e Campanha de Apoio.<\/strong><\/p>\n<p><img loading=\"lazy\" decoding=\"async\" class=\"size-medium wp-image-1480 alignleft\" src=\"http:\/\/www.cptmg.org.br\/portal\/wp-content\/uploads\/2018\/08\/Slide4-300x225.jpg\" alt=\"\" width=\"300\" height=\"225\" \/><\/p>\n<p style=\"text-align: justify;\">No dia 02 de novembro de 2017, cerca de 20 fam\u00edlias ind\u00edgenas, totalizando 106 pessoas, das etnias Patax\u00f3, Puri, Caraj\u00e1s e Patax\u00f3 H\u00e3h\u00e3h\u00e3e, que viviam na cidade de Belo Horizonte, realizaram a ocupa\u00e7\u00e3o em uma \u00e1rea pertencente \u00e0s ind\u00fastrias (antiga MMX\/EBX) do empres\u00e1rio Elke Batista, no Munic\u00edpio de S\u00e3o Joaquim de Bicas, MG. A \u00e1rea consiste em um total de 700 hectares aproximadamente \u00e0s margens do Rio Paraopeba.\u00a0\u00a0Os ind\u00edgenas est\u00e3o ocupando aproximadamente 300 hectares, onde h\u00e1 uma grande \u00e1rea verde de Mata Atl\u00e2ntica e algumas manchas de cerrado. Segundo os ind\u00edgenas, a biodiversidade \u00e9 grande no local, com a presen\u00e7a de muitos animais, alguns em perigo de extin\u00e7\u00e3o, como o Lobo Guar\u00e1, o Bugio e a Jaguatirica, entre outros. O restante da \u00e1rea est\u00e1 ocupado pelo Movimento dos Trabalhadores Rurais Sem Terras (MST). O MST est\u00e1 na \u00e1rea desde junho de 2017 e desde ent\u00e3o, segundo os relatos, nunca houve qualquer tipo de contesta\u00e7\u00e3o. A ida dos ind\u00edgenas para a regi\u00e3o se deu a convite do pr\u00f3prio MST. A reivindica\u00e7\u00e3o dos ind\u00edgenas por uma \u00e1rea na regi\u00e3o metropolitana de Belo Horizonte j\u00e1 \u00e9 antiga. H\u00e1 uma grande presen\u00e7a de fam\u00edlias ind\u00edgenas na regi\u00e3o metropolitana, vivendo em aglomerados e periferias. Estima-se a presen\u00e7a de 10 mil ind\u00edgenas em Belo Horizonte e Regi\u00e3o Metropolitana, conforme pesquisa feita pelo CEDEFES.<\/p>\n<p style=\"text-align: justify;\">A lideran\u00e7a do Movimento \u00e9 do Cacique Patax\u00f3 Araku\u00e3 Patax\u00f3, escolhido pelos ind\u00edgenas como representante do coletivo.<\/p>\n<p style=\"text-align: justify;\">A \u00e1rea em que os ind\u00edgenas est\u00e3o ocupando e reivindicando fica entre o Rio Paraopeba e o final do acesso auxiliar da BR 381 no sentido Brumadinho. Na outra margem do rio j\u00e1 \u00e9 Munic\u00edpio de M\u00e1rio Campos e Brumadinho. O acesso de \u00f4nibus se d\u00e1 pelo pontilh\u00e3o Funil, bastante conhecido na regi\u00e3o. A ocupa\u00e7\u00e3o est\u00e1 bem pr\u00f3xima da entrada principal do Museu de arte contempor\u00e2nea Inhotim. A regi\u00e3o onde se encontram os munic\u00edpios de S\u00e3o Joaquim de Bicas, M\u00e1rio Campos e Brumadinho possuem muitas atividades mineradoras, com\u00e9rcio, assentamentos de reforma agr\u00e1ria, comunidades quilombolas e condom\u00ednios fechados.<\/p>\n<p style=\"text-align: justify;\">As atividades miner\u00e1rias na regi\u00e3o s\u00e3o as que mais impactam o local, com a polui\u00e7\u00e3o e assoreamento do Rio Paraopeba e de nascentes pr\u00f3ximas ao local. H\u00e1 tr\u00eas grandes minera\u00e7\u00f5es no entorno da ocupa\u00e7\u00e3o.<\/p>\n<p style=\"text-align: justify;\">Na ocupa\u00e7\u00e3o, apenas tr\u00eas fam\u00edlias recebem o Bolsa Fam\u00edlia e tr\u00eas pessoas recebem aposentadoria. N\u00e3o h\u00e1 nenhuma assist\u00eancia social por parte do Estado ou do munic\u00edpio de S\u00e3o Joaquim de Bicas aos ind\u00edgenas no local. Por isto, as fam\u00edlias se revezam no local, sendo que muitos v\u00e3o e voltam para Belo Horizonte, onde realizam trabalhos formais e informais, servi\u00e7os gerais, na constru\u00e7\u00e3o civil, como diaristas, com a venda de artesanato no centro da cidade e apresenta\u00e7\u00f5es em escolas, divulga\u00e7\u00e3o da causa entre outros. H\u00e1 uma demanda grande de aproximadamente vinte fam\u00edlias, ou mais que ir\u00e3o se juntar no acampamento, por enquanto aguardam melhorar as condi\u00e7\u00f5es de resist\u00eancia, sobre tudo para os velhos e as crian\u00e7as.<\/p>\n<p style=\"text-align: justify;\">Algumas organiza\u00e7\u00f5es N\u00e3o Governamentais est\u00e3o dando apoio m\u00ednimo aos ind\u00edgenas, o que tem sido insuficiente como o CEDEFES (Centro de Documenta\u00e7\u00e3o Eloy Ferreira da Silva), CPT (Comiss\u00e3o Pastoral da Terra), Conselho Indigenista Mission\u00e1rio (CIMI) e Federa\u00e7\u00e3o dos Povos Ind\u00edgenas de Belo Horizonte.<\/p>\n<p style=\"text-align: justify;\">= = = = = = =<\/p>\n<p style=\"text-align: justify;\"><strong>Campanha emergencial entre aliados para a ocupa\u00e7\u00e3o dos \u00cdndios Patax\u00f3 em S\u00e3o Joaquim de Bicas.<\/strong><\/p>\n<p style=\"text-align: justify;\">\u201cPrezados companheiros e companheiras, das institui\u00e7\u00f5es parceiras e aliados da causa ind\u00edgena, Paz e Bem!<\/p>\n<p style=\"text-align: justify;\">Desde o ano passado um grupo de 36 fam\u00edlias ind\u00edgenas que\u00a0 tentam sobreviver da venda de artesanatos aqui na grande Belo Horizonte, cansados de enfrentar os grandes desafios\u00a0 rotineiros e a falta de recursos para tal, decidiram ocupar uma\u00a0 \u00e1rea de preserva\u00e7\u00e3o ambiental no Munic\u00edpio S\u00e3o Joaquim de Bicas para fugir do aluguel e tamb\u00e9m fazer gerar renda no plantio de hortali\u00e7as, confec\u00e7\u00e3o de artesanatos e cria\u00e7\u00e3o do seu espa\u00e7o para pr\u00e1tica da religi\u00e3o, dif\u00edcil exercer no espa\u00e7o urbano. Neste momento essas fam\u00edlias tentam resistir neste espa\u00e7o a qualquer custo, ficam acampadas durante a semana, se revezam e nos finais de semana veem a cidade vender seus artesanatos, as dificuldades enfrentadas pelo grupo no momento s\u00e3o in\u00fameras, comida, mat\u00e9rias de estrutura para os barracos, colch\u00f5es, fraldas para as crian\u00e7as pequenas entre outros. N\u00f3s do CIMI temos contribu\u00eddo com alguns itens os quais tem sido insuficiente. Por esse motivo, os mesmos solicitaram do CIMI que consultasse os parceiros e aliados da causa, na inten\u00e7\u00e3o de tentarmos uma coleta coletiva, de alimentos, sobretudo, os mais priorit\u00e1rios: Leite e fralda para as\u00a0 crian\u00e7as, colchonetes, novos ou usados, e qualquer tipo de alimentos. Para tanto encaminho este para alguns parceiros com os contatos das lideran\u00e7as e gostaria que cada um que pudesse reencaminhassem em seus contatos, por favor, para que possibilitemos a permanecia dessas fam\u00edlias em um espa\u00e7o de terra, para o bem viver desse povo e sua resist\u00eancia cultural, podemos contar com mais esse apoio de voc\u00eas?<\/p>\n<p style=\"text-align: justify;\"><strong>Lideran\u00e7as Ind\u00edgenas Respons\u00e1veis pela ocupa\u00e7\u00e3o:\u00a0 <\/strong><\/p>\n<p style=\"text-align: justify;\">Valdeir dos Santos Souza \u2013 Cacique, cel. 73 981292056<\/p>\n<p style=\"text-align: justify;\">E-mail: <a href=\"mailto:caciquevaldeirpataxo@outlook.com\">caciquevaldeirpataxo@outlook.com<\/a>,<\/p>\n<p style=\"text-align: justify;\">Celia Gon\u00e7alves Pereira &#8211; Vice Cacique: cel. 73 988997028,<\/p>\n<p style=\"text-align: justify;\">CIMI Leste: 31 34811181 \u2013 email: <a href=\"mailto:cimileste@gmail.com\">cimileste<span class=\"atwho-query\">@gmail.com<\/span><\/a><\/p>\n<p style=\"text-align: justify;\">Abra\u00e7os fraternos,<\/p>\n<p style=\"text-align: justify;\">\u00a0Alda Maria Oliveira<\/p>\n<p style=\"text-align: justify;\">Coordena\u00e7\u00e3o Regional do CIMI Leste<\/p>\n<p style=\"text-align: justify;\">watzap: 73 991461167- 31 3481 1181\u201d<\/p>\n<p>&nbsp;<\/p>\n<p>&nbsp;<\/p>\n<p>&nbsp;<\/p>\n<p>&nbsp;<\/p>\n","protected":false},"excerpt":{"rendered":"<p>Ocupa\u00e7\u00e3o\/Retomada dos ind\u00edgenas Patax\u00f3, Puri, Caraj\u00e1s e Patax\u00f3 H\u00e3h\u00e3h\u00e3e em S\u00e3o Joaquim de Bicas, MG, e Campanha de Apoio. No dia 02 de novembro de 2017, cerca de 20 fam\u00edlias ind\u00edgenas, totalizando 106 pessoas, das etnias Patax\u00f3, Puri, Caraj\u00e1s e Patax\u00f3 H\u00e3h\u00e3h\u00e3e, que viviam na cidade de Belo Horizonte, realizaram a ocupa\u00e7\u00e3o em uma \u00e1rea&#8230;<\/p>\n","protected":false},"author":8,"featured_media":5546,"comment_status":"open","ping_status":"open","sticky":false,"template":"","format":"standard","meta":{"_acf_changed":false,"footnotes":""},"categories":[63,54,51,56,59],"tags":[],"class_list":["post-5545","post","type-post","status-publish","format-standard","has-post-thumbnail","hentry","category-direitos-dos-povos-indigenas","category-direitos-humanos","category-luta-pela-terra-e-reforma-agraria","category-movimentos-sociais-populares","category-nota-publica"],"acf":[],"_links":{"self":[{"href":"https:\/\/www.cptmg.org.br\/portal\/wp-json\/wp\/v2\/posts\/5545","targetHints":{"allow":["GET"]}}],"collection":[{"href":"https:\/\/www.cptmg.org.br\/portal\/wp-json\/wp\/v2\/posts"}],"about":[{"href":"https:\/\/www.cptmg.org.br\/portal\/wp-json\/wp\/v2\/types\/post"}],"author":[{"embeddable":true,"href":"https:\/\/www.cptmg.org.br\/portal\/wp-json\/wp\/v2\/users\/8"}],"replies":[{"embeddable":true,"href":"https:\/\/www.cptmg.org.br\/portal\/wp-json\/wp\/v2\/comments?post=5545"}],"version-history":[{"count":0,"href":"https:\/\/www.cptmg.org.br\/portal\/wp-json\/wp\/v2\/posts\/5545\/revisions"}],"wp:featuredmedia":[{"embeddable":true,"href":"https:\/\/www.cptmg.org.br\/portal\/wp-json\/wp\/v2\/media\/5546"}],"wp:attachment":[{"href":"https:\/\/www.cptmg.org.br\/portal\/wp-json\/wp\/v2\/media?parent=5545"}],"wp:term":[{"taxonomy":"category","embeddable":true,"href":"https:\/\/www.cptmg.org.br\/portal\/wp-json\/wp\/v2\/categories?post=5545"},{"taxonomy":"post_tag","embeddable":true,"href":"https:\/\/www.cptmg.org.br\/portal\/wp-json\/wp\/v2\/tags?post=5545"}],"curies":[{"name":"wp","href":"https:\/\/api.w.org\/{rel}","templated":true}]}}