{"id":7447,"date":"2022-03-03T11:50:06","date_gmt":"2022-03-03T11:50:06","guid":{"rendered":"https:\/\/www.cptmg.org.br\/portal\/nota-urgente-prefeitura-de-betim-mg-esta-descumprindo-decisao-judicial-ao-demolir-casas-no-beco-fagundes-jd-teresopolis\/"},"modified":"2025-01-31T15:43:28","modified_gmt":"2025-01-31T15:43:28","slug":"nota-urgente-prefeitura-de-betim-mg-esta-descumprindo-decisao-judicial-ao-demolir-casas-no-beco-fagundes-jd-teresopolis","status":"publish","type":"post","link":"https:\/\/www.cptmg.org.br\/portal\/nota-urgente-prefeitura-de-betim-mg-esta-descumprindo-decisao-judicial-ao-demolir-casas-no-beco-fagundes-jd-teresopolis\/","title":{"rendered":"Nota Urgente! Prefeitura de Betim\/MG est\u00e1 descumprindo Decis\u00e3o Judicial ao demolir casas no Beco Fagundes, Jd. Teres\u00f3polis"},"content":{"rendered":"\n<p>Nota Urgente! <strong>Prefeitura de Betim\/MG est\u00e1 descumprindo Decis\u00e3o Judicial ao demolir casas no Beco Fagundes, Jd. Teres\u00f3polis, hoje, 03\/03\/2022<\/strong><\/p>\n\n\n\n<figure class=\"wp-block-image size-large is-resized\"><img loading=\"lazy\" decoding=\"async\" src=\"http:\/\/www.cptmg.org.br\/portal\/wp-content\/uploads\/2022\/03\/WhatsApp-Image-2022-03-03-at-08.46.09-1-1024x576.jpeg\" alt=\"\" class=\"wp-image-6715\" width=\"761\" height=\"428\"\/><figcaption>Prefeitura de Betim, MG, demolindo casas no Beco Fagundes, na manh\u00e3 do dia 03\/03\/22: descumprimento de decis\u00e3o judicial. Fotos: Rede de Apoio ao Beco Fagundes.<\/figcaption><\/figure>\n\n\n\n<p>A Comiss\u00e3o Pastoral da Terra (CPT), a Coordena\u00e7\u00e3o da Comunidade do Beco Fagundes, o Movimento de Luta nos Bairros, Vilas e Favelas (MLB) e Rede de Apoio v\u00eam a p\u00fablico denunciar, repudiar e exigir a IMEDIATA paralisa\u00e7\u00e3o da demoli\u00e7\u00e3o de casas no Beco Fagundes, no Jardim Teres\u00f3polis, em Betim, MG, hoje, dia 03\/03\/22, quinta-feira.<\/p>\n\n\n\n<p>O prefeito Vit\u00f3rio Medioli, a prefeitura de Betim, a Guarda Municipal e a Pol\u00edcia Militar de MG EST\u00c3O DESCUMPRINDO DECIS\u00c3O JUDICIAL DO DESEMBARGADOR Dr. Carlos LEVENHAGEN, do TJMG. A DECIS\u00c3O JUDICIAL que est\u00e1 EM VIGOR, QUE PRO\u00cdBE DESPEJO E DEMOLI\u00c7\u00c3O DE CASAS NO BECO FAGUNDES \u00e9 do dia 12\/01\/2022, da 5\u00aa C\u00e2mara C\u00edvel do TJMG, do Dr. Desembargador Carlos Levenhagen. O povo j\u00e1 mostrou para o comando da PM in loco a Decis\u00e3o judicial de 12\/01\/22 e exigiu a interrup\u00e7\u00e3o da DEMOLI\u00c7\u00c3O DE CASAS NO BECO FAGUNDES, mas a PM continua dando cobertura a uma flagrante ilegalidade, injusti\u00e7a e trucul\u00eancia do Prefeito Medioli. O Prefeito Medioli e a Prefeitura de Betim est\u00e3o DESCUMPRINDO DECIS\u00c3O JUDICIAL, o que \u00e9 muito grave. Exigimos a RETIRADA IMEDITA DA RETROESCAVADEIRA do Beco Fagundes, que se paralise a demoli\u00e7\u00e3o de casas IMEDIATAMENTE. Nenhuma casa pode ser demolida conforme a decis\u00e3o acima. Laudo do ge\u00f3logo Dr. Carlos von Sperling, de 10 p\u00e1ginas, muito bem fundamentado, demonstra que n\u00e3o h\u00e1 risco geol\u00f3gico e nem de cair nenhuma das casas que est\u00e3o sendo habitadas no Beco Fagundes. A prefeitura de Betim mente descaradamente alegando risco geol\u00f3gico para se apropriar do territ\u00f3rio da Comunidade do Beco Fagundes para construir Shopping no local.<\/p>\n\n\n\n<p>Com milhares de fam\u00edlias sem-casa em Betim, debaixo da pesad\u00edssima cruz do aluguel, ou da humilha\u00e7\u00e3o que \u00e9 sobreviver de favor ou ainda recebendo apenas uma migalha de R$450,00 de Aux\u00edlio Moradia, o justo \u00e9 construir casas para milhares de fam\u00edlias e jamais comprar casas com dinheiro p\u00fablico, demoli-las para construir Shopping, telef\u00e9rico, cascata de \u00e1gua artificial e grande empreendimento comercial no local, o que o prefeito Medioli est\u00e1 fazendo ao arrepio das leis e da Constitui\u00e7\u00e3o. O prefeito de Betim usou dinheiro p\u00fablico \u2013 mais de 3.000.000,00 (tr\u00eas milh\u00f5es de reais) &#8211; para comprar casas coagindo fam\u00edlias, para tomar o terreno de mais de 100 fam\u00edlias humildes para construir grande empreendimento econ\u00f4mico e lucrativo para empres\u00e1rios. Isso \u00e9 injusto, ilegal, inconstitucional, \u00e9 higieniza\u00e7\u00e3o, \u00e9 gentrifica\u00e7\u00e3o.<\/p>\n\n\n\n<p>Exigimos a paralisa\u00e7\u00e3o da demoli\u00e7\u00e3o de casas no Beco Fagundes, em Betim, IMEDIATAMENTE e que o prefeito de Betim respeite a decis\u00e3o judicial em vigor que, repetimos, PRO\u00cdBE DESPEJO E DEMOLI\u00c7\u00c3O DE CASAS NO BECO FAGUNDES.<\/p>\n\n\n\n<p>BETIM, MG, 03 de mar\u00e7o de 2022.<\/p>\n\n\n\n<p><strong>Assinam esta Nota:<\/strong><\/p>\n\n\n\n<p>Comunidade do Beco Fagundes<\/p>\n\n\n\n<p>Comiss\u00e3o Pastoral de Terra (CPT\/MG)<\/p>\n\n\n\n<p>Movimento de Luta nos Bairros, Vilas e Favelas (MLB)<\/p>\n\n\n\n<p>Centro de Defesa dos Direitos Humanos de Betim (CDDH Betim)<\/p>\n\n\n\n<p>Rede de Apoio de Betim, BH e RMBH.<\/p>\n\n\n\n<div class=\"wp-block-image\"><figure class=\"alignleft size-large is-resized\"><img loading=\"lazy\" decoding=\"async\" src=\"http:\/\/www.cptmg.org.br\/portal\/wp-content\/uploads\/2022\/03\/WhatsApp-Image-2022-03-03-at-08.46.09-1024x576.jpeg\" alt=\"\" class=\"wp-image-6716\" width=\"741\" height=\"415\"\/><\/figure><\/div>\n\n\n\n<p>Abaixo, <strong>\u00e1udio do Dr. Ailton Matias, um dos advogados da Comunidade do Beco Fagundes em Betim, MG, repudiando a demoli\u00e7\u00e3o de casas no Beco Fagundes: descumprimento de decis\u00e3o judicial do desembargador Dr. Carlos Levenhagen, que dia 12\/1\/22, proibiu despejar as fam\u00edlias e proibiu tamb\u00e9m demolir as casas.<\/strong><\/p>\n\n\n\n<figure class=\"wp-block-audio\"><audio controls src=\"http:\/\/www.cptmg.org.br\/portal\/wp-content\/uploads\/2022\/03\/Audio-do-Dr.-Ailton-repudiando-demolicao-no-Beco-Fagundes-em-Betim-03-3-22.mp3\"><\/audio><\/figure>\n\n\n\n<figure class=\"wp-block-audio\"><audio controls src=\"http:\/\/www.cptmg.org.br\/portal\/wp-content\/uploads\/2022\/03\/Audio-de-Frei-Gilvander-Pare-demolicao-no-Beco-Fagundes-Betim-03-3-22.mp3\"><\/audio><\/figure>\n\n\n\n<p>Acima, <strong>\u00c1udio NOTA de Frei Gilvander, da CPT, denunciando, repudiando e exigindo a paralisa\u00e7\u00e3o da demoli\u00e7\u00e3o de casas no Beco Fagundes, em Betim, MG. O prefeito Medioli, a prefeitura de Betim, a Guarda Municipal, PM etc EST\u00c3O DESCUMPRINDO DECIS\u00c3O JUDICIAL DO DESEMBARGADOR Dr. Carlos LEVENHAGEN, do TJMG. Com tanta gente sem casa o justo \u00e9 construir casas para milhares de fam\u00edlias e jamais comprar casas com dinheiro p\u00fablico, demoli-las para construir Shopping no loc<\/strong>al.<\/p>\n\n\n\n<p><strong>Eis outras fotos abaixo:<\/strong><\/p>\n\n\n\n<figure class=\"wp-block-image size-large\"><img decoding=\"async\" src=\"http:\/\/www.cptmg.org.br\/portal\/wp-content\/uploads\/2022\/03\/WhatsApp-Image-2022-03-03-at-11.25.53-1-1024x779.jpeg\" alt=\"\" class=\"wp-image-6720\"\/><\/figure>\n\n\n\n<figure class=\"wp-block-image size-large\"><img decoding=\"async\" src=\"http:\/\/www.cptmg.org.br\/portal\/wp-content\/uploads\/2022\/03\/WhatsApp-Image-2022-03-03-at-11.25.54-1-1024x787.jpeg\" alt=\"\" class=\"wp-image-6723\"\/><\/figure>\n\n\n\n<figure class=\"wp-block-image size-large\"><img decoding=\"async\" src=\"http:\/\/www.cptmg.org.br\/portal\/wp-content\/uploads\/2022\/03\/WhatsApp-Image-2022-03-03-at-11.25.54-2-1024x791.jpeg\" alt=\"\" class=\"wp-image-6724\"\/><\/figure>\n\n\n\n<figure class=\"wp-block-image size-large\"><img decoding=\"async\" src=\"http:\/\/www.cptmg.org.br\/portal\/wp-content\/uploads\/2022\/03\/WhatsApp-Image-2022-03-03-at-11.25.54-3-1024x778.jpeg\" alt=\"\" class=\"wp-image-6725\"\/><\/figure>\n\n\n\n<figure class=\"wp-block-image size-large\"><img decoding=\"async\" src=\"http:\/\/www.cptmg.org.br\/portal\/wp-content\/uploads\/2022\/03\/WhatsApp-Image-2022-03-03-at-11.25.54-1024x780.jpeg\" alt=\"\" class=\"wp-image-6726\"\/><\/figure>\n\n\n\n<figure class=\"wp-block-image size-large\"><img decoding=\"async\" src=\"http:\/\/www.cptmg.org.br\/portal\/wp-content\/uploads\/2022\/03\/WhatsApp-Image-2022-03-03-at-11.25.55-1-1024x785.jpeg\" alt=\"\" class=\"wp-image-6727\"\/><\/figure>\n","protected":false},"excerpt":{"rendered":"<p>Nota Urgente! Prefeitura de Betim\/MG est\u00e1 descumprindo Decis\u00e3o Judicial ao demolir casas no Beco Fagundes, Jd. Teres\u00f3polis, hoje, 03\/03\/2022 A Comiss\u00e3o Pastoral da Terra (CPT), a Coordena\u00e7\u00e3o da Comunidade do Beco Fagundes, o Movimento de Luta nos Bairros, Vilas e Favelas (MLB) e Rede de Apoio v\u00eam a p\u00fablico denunciar, repudiar e exigir a IMEDIATA&#8230;<\/p>\n","protected":false},"author":8,"featured_media":7448,"comment_status":"open","ping_status":"open","sticky":false,"template":"","format":"standard","meta":{"_acf_changed":false,"footnotes":""},"categories":[50,64,69,72,54,55,56,59,67],"tags":[],"class_list":["post-7447","post","type-post","status-publish","format-standard","has-post-thumbnail","hentry","category-artigo","category-direito-a-cidade","category-direito-a-saude","category-direito-a-terra","category-direitos-humanos","category-luta-pela-moradia","category-movimentos-sociais-populares","category-nota-publica","category-pedagogia-emanticipatoria"],"acf":[],"_links":{"self":[{"href":"https:\/\/www.cptmg.org.br\/portal\/wp-json\/wp\/v2\/posts\/7447","targetHints":{"allow":["GET"]}}],"collection":[{"href":"https:\/\/www.cptmg.org.br\/portal\/wp-json\/wp\/v2\/posts"}],"about":[{"href":"https:\/\/www.cptmg.org.br\/portal\/wp-json\/wp\/v2\/types\/post"}],"author":[{"embeddable":true,"href":"https:\/\/www.cptmg.org.br\/portal\/wp-json\/wp\/v2\/users\/8"}],"replies":[{"embeddable":true,"href":"https:\/\/www.cptmg.org.br\/portal\/wp-json\/wp\/v2\/comments?post=7447"}],"version-history":[{"count":0,"href":"https:\/\/www.cptmg.org.br\/portal\/wp-json\/wp\/v2\/posts\/7447\/revisions"}],"wp:featuredmedia":[{"embeddable":true,"href":"https:\/\/www.cptmg.org.br\/portal\/wp-json\/wp\/v2\/media\/7448"}],"wp:attachment":[{"href":"https:\/\/www.cptmg.org.br\/portal\/wp-json\/wp\/v2\/media?parent=7447"}],"wp:term":[{"taxonomy":"category","embeddable":true,"href":"https:\/\/www.cptmg.org.br\/portal\/wp-json\/wp\/v2\/categories?post=7447"},{"taxonomy":"post_tag","embeddable":true,"href":"https:\/\/www.cptmg.org.br\/portal\/wp-json\/wp\/v2\/tags?post=7447"}],"curies":[{"name":"wp","href":"https:\/\/api.w.org\/{rel}","templated":true}]}}