{"id":7203,"date":"2021-05-31T09:50:31","date_gmt":"2021-05-31T09:50:31","guid":{"rendered":"https:\/\/www.cptmg.org.br\/portal\/cpt-lanca-a-publicacao-anual-conflitos-no-campo-brasil-2020\/"},"modified":"2025-01-31T15:43:23","modified_gmt":"2025-01-31T15:43:23","slug":"cpt-lanca-a-publicacao-anual-conflitos-no-campo-brasil-2020","status":"publish","type":"post","link":"https:\/\/www.cptmg.org.br\/portal\/cpt-lanca-a-publicacao-anual-conflitos-no-campo-brasil-2020\/","title":{"rendered":"CPT lan\u00e7a a publica\u00e7\u00e3o anual Conflitos no Campo Brasil 2020"},"content":{"rendered":"\n<p><strong>CPT lan\u00e7a a publica\u00e7\u00e3o anual Conflitos no Campo Brasil 2020<\/strong><\/p>\n\n\n\n<figure class=\"wp-block-image size-large is-resized\"><img loading=\"lazy\" decoding=\"async\" src=\"https:\/\/i0.wp.com\/www.cptmg.org.br\/portal\/wp-content\/uploads\/2021\/05\/WhatsApp-Image-2021-05-31-at-07.21.44.jpeg?fit=723%2C1024\" alt=\"\" class=\"wp-image-5727\" width=\"762\" height=\"1079\"\/><\/figure>\n\n\n\n<p>Nesta segunda-feira, dia 31\/05\/2021, a Comiss\u00e3o Pastoral da Terra (CPT) lan\u00e7a, a partir das 10h00 (hor\u00e1rio de Bras\u00edlia), a publica\u00e7\u00e3o anual Conflitos no Campo Brasil 2020.<\/p>\n\n\n\n<p>O lan\u00e7amento ocorre por meio de transmiss\u00e3o AO VIVO e o relat\u00f3rio, com todos os dados, estar\u00e1 dispon\u00edvel no site, no mesmo hor\u00e1rio.<\/p>\n\n\n\n<p>Acompanhe a Transmiss\u00e3o via:<\/p>\n\n\n\n<p>&#8211; Youtube: <\/p>\n\n\n\n<figure class=\"wp-block-embed is-type-video is-provider-youtube wp-block-embed-youtube wp-embed-aspect-16-9 wp-has-aspect-ratio\"><div class=\"wp-block-embed__wrapper\">\n<iframe loading=\"lazy\" title=\"LIVE DE LAN\u00c7AMENTO - Conflitos no Campo Brasil 2020\" width=\"640\" height=\"360\" src=\"https:\/\/www.youtube.com\/embed\/K1-nVuX7zH0?feature=oembed\" frameborder=\"0\" allow=\"accelerometer; autoplay; clipboard-write; encrypted-media; gyroscope; picture-in-picture; web-share\" referrerpolicy=\"strict-origin-when-cross-origin\" allowfullscreen><\/iframe>\n<\/div><\/figure>\n\n\n\n<p>&#8211; Facebook: <a href=\"https:\/\/www.facebook.com\/CPTNacional\/posts\/5440328469370568\">https:\/\/www.facebook.com\/CPTNacional\/posts\/5440328469370568<\/a><\/p>\n\n\n\n<p>Acesse o relat\u00f3rio ap\u00f3s 10h em: <a href=\"http:\/\/www.cptnacional.org.br\" target=\"_blank\" rel=\"noreferrer noopener\">www.cptnacional.org.br<\/a><\/p>\n","protected":false},"excerpt":{"rendered":"<p>CPT lan\u00e7a a publica\u00e7\u00e3o anual Conflitos no Campo Brasil 2020 Nesta segunda-feira, dia 31\/05\/2021, a Comiss\u00e3o Pastoral da Terra (CPT) lan\u00e7a, a partir das 10h00 (hor\u00e1rio de Bras\u00edlia), a publica\u00e7\u00e3o anual Conflitos no Campo Brasil 2020. O lan\u00e7amento ocorre por meio de transmiss\u00e3o AO VIVO e o relat\u00f3rio, com todos os dados, estar\u00e1 dispon\u00edvel no&#8230;<\/p>\n","protected":false},"author":8,"featured_media":7204,"comment_status":"open","ping_status":"open","sticky":false,"template":"","format":"standard","meta":{"_acf_changed":false,"footnotes":""},"categories":[50,64,68,69,72,54,57,51,66,56,67,53,41],"tags":[],"class_list":["post-7203","post","type-post","status-publish","format-standard","has-post-thumbnail","hentry","category-artigo","category-direito-a-cidade","category-direito-a-historia","category-direito-a-saude","category-direito-a-terra","category-direitos-humanos","category-fe-e-politica","category-luta-pela-terra-e-reforma-agraria","category-memoria","category-movimentos-sociais-populares","category-pedagogia-emanticipatoria","category-teologia-da-libertacao","category-videos"],"acf":[],"_links":{"self":[{"href":"https:\/\/www.cptmg.org.br\/portal\/wp-json\/wp\/v2\/posts\/7203","targetHints":{"allow":["GET"]}}],"collection":[{"href":"https:\/\/www.cptmg.org.br\/portal\/wp-json\/wp\/v2\/posts"}],"about":[{"href":"https:\/\/www.cptmg.org.br\/portal\/wp-json\/wp\/v2\/types\/post"}],"author":[{"embeddable":true,"href":"https:\/\/www.cptmg.org.br\/portal\/wp-json\/wp\/v2\/users\/8"}],"replies":[{"embeddable":true,"href":"https:\/\/www.cptmg.org.br\/portal\/wp-json\/wp\/v2\/comments?post=7203"}],"version-history":[{"count":0,"href":"https:\/\/www.cptmg.org.br\/portal\/wp-json\/wp\/v2\/posts\/7203\/revisions"}],"wp:featuredmedia":[{"embeddable":true,"href":"https:\/\/www.cptmg.org.br\/portal\/wp-json\/wp\/v2\/media\/7204"}],"wp:attachment":[{"href":"https:\/\/www.cptmg.org.br\/portal\/wp-json\/wp\/v2\/media?parent=7203"}],"wp:term":[{"taxonomy":"category","embeddable":true,"href":"https:\/\/www.cptmg.org.br\/portal\/wp-json\/wp\/v2\/categories?post=7203"},{"taxonomy":"post_tag","embeddable":true,"href":"https:\/\/www.cptmg.org.br\/portal\/wp-json\/wp\/v2\/tags?post=7203"}],"curies":[{"name":"wp","href":"https:\/\/api.w.org\/{rel}","templated":true}]}}