{"id":6992,"date":"2020-10-30T09:09:35","date_gmt":"2020-10-30T09:09:35","guid":{"rendered":"https:\/\/www.cptmg.org.br\/portal\/relatorio-mais-de-300-ocupacoes-urbanas-e-camponesas-e-comunidades-tradicionais-em-conflitos-socioambientais-ameacadas-de-despejo-em-minas-gerais\/"},"modified":"2025-01-31T15:43:20","modified_gmt":"2025-01-31T15:43:20","slug":"relatorio-mais-de-300-ocupacoes-urbanas-e-camponesas-e-comunidades-tradicionais-em-conflitos-socioambientais-ameacadas-de-despejo-em-minas-gerais","status":"publish","type":"post","link":"https:\/\/www.cptmg.org.br\/portal\/relatorio-mais-de-300-ocupacoes-urbanas-e-camponesas-e-comunidades-tradicionais-em-conflitos-socioambientais-ameacadas-de-despejo-em-minas-gerais\/","title":{"rendered":"Relat\u00f3rio: mais de 300 Ocupa\u00e7\u00f5es Urbanas e Camponesas e Comunidades Tradicionais em conflitos socioambientais amea\u00e7adas de despejo em Minas Gerais"},"content":{"rendered":"\n<p><strong>Relat\u00f3rio sobre mais de 300 Ocupa\u00e7\u00f5es Urbanas e Camponesas e Comunidades Tradicionais em conflitos socioambientais amea\u00e7adas de despejo em Minas Gerais<\/strong><\/p>\n\n\n\n<figure class=\"wp-block-image size-large\"><img decoding=\"async\" src=\"http:\/\/www.cptmg.org.br\/portal\/wp-content\/uploads\/2020\/10\/Crian\u00e7as-resistem-no-quilombo-campo-grande-foto-oficial-MST-1024x643-1.jpg\" alt=\"\" class=\"wp-image-4961\"\/><figcaption>Crian\u00e7as resistem a despejo no Quilombo Campo Grande, em Campo do Meio, no Sul de MG, dia 13\/8\/2020. Foto: Divulga\u00e7\u00e3o MST<\/figcaption><\/figure>\n\n\n\n<p>\u201c<em>Construir\u00e3o casas e nelas habitar\u00e3o, plantar\u00e3o vinhas e comer\u00e3o seus frutos. Ningu\u00e9m construir\u00e1 para outro morar, ningu\u00e9m plantar\u00e1 para outro comer, porque a vida do meu povo ser\u00e1 longa como a das \u00e1rvores, meus escolhidos poder\u00e3o gastar o que suas m\u00e3os fabricarem<\/em>\u201d (Profecia do Libro de Isa\u00edas, na B\u00edblia \u2013 Isa\u00edas 65,21-22)<\/p>\n\n\n\n<p>Belo Horizonte, MG, 22 de setembro de 2020.<\/p>\n\n\n\n<p>A pedido de alguns bispos, que, sob a lideran\u00e7a do Arcebispo Dom Walmor de Azevedo Oliveira, presidente da CNBB e arcebispo de Belo Horizonte, participar\u00e3o de reuni\u00e3o com o presidente do TJMG, o desembargador Gilson Soares Lemes, a Comiss\u00e3o Pastoral da Terra, em Minas Gerais, preparou <strong>o Relat\u00f3rio, abaixo publicado em PDF<\/strong>, na esperan\u00e7a de quem possa subsidiar decis\u00f5es judiciais e pol\u00edticas no sentido de garantir o direito constitucional \u00e0 terra e \u00e0 moradia digna e adequada, conforme pede o papa Francisco: \u201c<em>Que nenhuma pessoa\/fam\u00edlia fique sem terra, sem moradia e sem trabalho com direitos respeitados<\/em>.\u201d<\/p>\n\n\n\n<p>A Comiss\u00e3o Pastoral da Terra (CPT), em Minas Gerais, <strong>diante da barb\u00e1rie que foi o despejo truculento e genocida no Quilombo Campo Grande, do MST, em Campo do Meio, no sul de Minas Gerais, dias 12 a 14 de agosto de 2020, como Pastoral Social da Confer\u00eancia Nacional dos Bispos do Brasil (CNBB), fiel \u00e0 sua miss\u00e3o junto aos camponeses, estamos comprometidos\/as na luta ao lado de todos os Movimentos Sociais Populares do Campo e da Cidade, para que seja DECRETADO DESPEJO ZERO DURANTE A PANDEMIA<\/strong>. Por isso apresentamos este <strong>Relat\u00f3rio das Ocupa\u00e7\u00f5es Urbanas e Camponesas e Comunidades Tradicionais em conflitos socioambientais amea\u00e7adas de despejo no estado de Minas Gerais<\/strong>, no campo e na cidade, comunidades tradicionais em processo de retomada de seus territ\u00f3rios e outras comunidades que est\u00e3o na mira de despejo inclusive pela a\u00e7\u00e3o miner\u00e1ria predat\u00f3ria de grandes mineradoras em conluio com o Estado. Segue, abaixo, o RELAT\u00d3RIO em PDF.<\/p>\n\n\n\n<div class=\"wp-block-file\"><a href=\"http:\/\/www.cptmg.org.br\/portal\/wp-content\/uploads\/2020\/10\/Relat\u00f3rio-das-Ocupa\u00e7\u00f5es-Urbanas-e-Camponesas-amea\u00e7adas-de-despejo-em-Minas-Gerais-Por-CPT-16-8-2020.pdf\">Relat\u00f3rio-das-Ocupa\u00e7\u00f5es-Urbanas-e-Camponesas-amea\u00e7adas-de-despejo-em-Minas-Gerais-Por-CPT-16-8-2020<\/a><a href=\"http:\/\/www.cptmg.org.br\/portal\/wp-content\/uploads\/2020\/10\/Relat\u00f3rio-das-Ocupa\u00e7\u00f5es-Urbanas-e-Camponesas-amea\u00e7adas-de-despejo-em-Minas-Gerais-Por-CPT-16-8-2020.pdf\" class=\"wp-block-file__button\" download>Baixar<\/a><\/div>\n","protected":false},"excerpt":{"rendered":"<p>Relat\u00f3rio sobre mais de 300 Ocupa\u00e7\u00f5es Urbanas e Camponesas e Comunidades Tradicionais em conflitos socioambientais amea\u00e7adas de despejo em Minas Gerais \u201cConstruir\u00e3o casas e nelas habitar\u00e3o, plantar\u00e3o vinhas e comer\u00e3o seus frutos. Ningu\u00e9m construir\u00e1 para outro morar, ningu\u00e9m plantar\u00e1 para outro comer, porque a vida do meu povo ser\u00e1 longa como a das \u00e1rvores, meus&#8230;<\/p>\n","protected":false},"author":8,"featured_media":6993,"comment_status":"open","ping_status":"open","sticky":false,"template":"","format":"standard","meta":{"_acf_changed":false,"footnotes":""},"categories":[68,69,72,54,57,55,51,56,59,67,53],"tags":[],"class_list":["post-6992","post","type-post","status-publish","format-standard","has-post-thumbnail","hentry","category-direito-a-historia","category-direito-a-saude","category-direito-a-terra","category-direitos-humanos","category-fe-e-politica","category-luta-pela-moradia","category-luta-pela-terra-e-reforma-agraria","category-movimentos-sociais-populares","category-nota-publica","category-pedagogia-emanticipatoria","category-teologia-da-libertacao"],"acf":[],"_links":{"self":[{"href":"https:\/\/www.cptmg.org.br\/portal\/wp-json\/wp\/v2\/posts\/6992","targetHints":{"allow":["GET"]}}],"collection":[{"href":"https:\/\/www.cptmg.org.br\/portal\/wp-json\/wp\/v2\/posts"}],"about":[{"href":"https:\/\/www.cptmg.org.br\/portal\/wp-json\/wp\/v2\/types\/post"}],"author":[{"embeddable":true,"href":"https:\/\/www.cptmg.org.br\/portal\/wp-json\/wp\/v2\/users\/8"}],"replies":[{"embeddable":true,"href":"https:\/\/www.cptmg.org.br\/portal\/wp-json\/wp\/v2\/comments?post=6992"}],"version-history":[{"count":0,"href":"https:\/\/www.cptmg.org.br\/portal\/wp-json\/wp\/v2\/posts\/6992\/revisions"}],"wp:featuredmedia":[{"embeddable":true,"href":"https:\/\/www.cptmg.org.br\/portal\/wp-json\/wp\/v2\/media\/6993"}],"wp:attachment":[{"href":"https:\/\/www.cptmg.org.br\/portal\/wp-json\/wp\/v2\/media?parent=6992"}],"wp:term":[{"taxonomy":"category","embeddable":true,"href":"https:\/\/www.cptmg.org.br\/portal\/wp-json\/wp\/v2\/categories?post=6992"},{"taxonomy":"post_tag","embeddable":true,"href":"https:\/\/www.cptmg.org.br\/portal\/wp-json\/wp\/v2\/tags?post=6992"}],"curies":[{"name":"wp","href":"https:\/\/api.w.org\/{rel}","templated":true}]}}