{"id":6878,"date":"2020-06-04T11:18:57","date_gmt":"2020-06-04T11:18:57","guid":{"rendered":"https:\/\/www.cptmg.org.br\/portal\/trabalhador-caiu-de-torre-de-45-metros-em-trabalho-da-cymi-no-territorio-geraizeiro-grao-mogol-no-norte-de-mg\/"},"modified":"2025-01-31T15:43:17","modified_gmt":"2025-01-31T15:43:17","slug":"trabalhador-caiu-de-torre-de-45-metros-em-trabalho-da-cymi-no-territorio-geraizeiro-grao-mogol-no-norte-de-mg","status":"publish","type":"post","link":"https:\/\/www.cptmg.org.br\/portal\/trabalhador-caiu-de-torre-de-45-metros-em-trabalho-da-cymi-no-territorio-geraizeiro-grao-mogol-no-norte-de-mg\/","title":{"rendered":"Trabalhador caiu de torre de 45 metros em trabalho da CYMI no territ\u00f3rio geraizeiro, Gr\u00e3o Mogol, no norte de MG."},"content":{"rendered":"\n<p><strong>Trabalhador caiu de torre de 45 metros em trabalho da CYMI no territ\u00f3rio geraizeiro, Gr\u00e3o Mogol, no norte de MG.<\/strong><\/p>\n\n\n\n<figure class=\"wp-block-embed-youtube wp-block-embed is-type-video is-provider-youtube wp-embed-aspect-16-9 wp-has-aspect-ratio\"><div class=\"wp-block-embed__wrapper\">\n<iframe loading=\"lazy\" title=\"Trabalhador caiu de torre de 45 metros em trabalho da CYMI no territ\u00f3rio geraizeiro, Gr\u00e3o Mogol, MG\" width=\"640\" height=\"360\" src=\"https:\/\/www.youtube.com\/embed\/jlQ0RFJnspo?feature=oembed\" frameborder=\"0\" allow=\"accelerometer; autoplay; clipboard-write; encrypted-media; gyroscope; picture-in-picture; web-share\" referrerpolicy=\"strict-origin-when-cross-origin\" allowfullscreen><\/iframe>\n<\/div><\/figure>\n\n\n\n<p>&nbsp;Dia 01\/06\/2020, as comunidades geraizeiras de Vale da s Cancelas, no munic\u00edpio de Gr\u00e3o Mogol, no norte de MG, verificaram que v\u00e1rias placas e mour\u00f5es haviam sido quebrados, algumas placas desapareceram e os arames haviam sido cortados, numa demonstra\u00e7\u00e3o clara de desrespeito que demonstra, mais uma vez, que a fala dos representantes da empresa Mantiqueira de que reconhecem e respeitam o territ\u00f3rio e as comunidades \u00e9 mera ret\u00f3rica. Frisamos que esta n\u00e3o \u00e9 a primeira vez que isso ocorre, pois uma placa colocada na Fazenda Buriti Pequeno\/S\u00e3o Louren\u00e7o em outubro de 2019 j\u00e1 havia sido arrancada muito antes empresa ser imitida na posse. Aproveitando o ensejo, cabe refor\u00e7ar, tamb\u00e9m, que h\u00e1 muito temos refor\u00e7ado nossa preocupa\u00e7\u00e3o, nessa pandemia do novo coronav\u00edrus, com a sa\u00fade n\u00e3o s\u00f3 dos geraizeiros, mas tamb\u00e9m dos trabalhadores contratados, principalmente porque entre estes tamb\u00e9m se encontram geraizeiros. Foi com grande preocupa\u00e7\u00e3o, portanto, externada em momentos anteriores, que observamos dias atr\u00e1s a chegada de v\u00e1rios trabalhadores trazidos de outros locais para trabalhar na obra. Aqui, cabe ressaltar que em qualquer munic\u00edpio que se chegue hoje a recomenda\u00e7\u00e3o \u00e9 ficar em confinamento por, no m\u00ednimo, 7 dias de modo a verificar a ocorr\u00eancia de sintomas da Covid-19. Mas este n\u00e3o foi o caso dos trabalhadores transportados pela empresa CYMI, coligada da empresa Mantiqueira, para o Vale das Cancelas, que j\u00e1 foram postos para trabalhar t\u00e3o logo chegaram. A esses vieram se somar outros tantos que chegaram \u00e0 noite de 01 de junho (\u00faltima segunda-feira) para se somar \u00e0 verdadeira corrida contra o tempo empreendida pela Mantiqueira para concluir os trabalhos no territ\u00f3rio, que tem acontecido at\u00e9 mesmo aos s\u00e1bados e domingos. E eis que recebemos a triste not\u00edcia de que um trabalhador da obra, que teria chegado na noite de segunda-feira no Vale das Cancelas para trabalhar, veio a \u00f3bito em 02\/06\/2020, ap\u00f3s cair de uma torre. Trata-se de Lucenildo Salustiano de Lima, um trabalhador de 35 anos, natural de de Goiana, no Pernambuco. O coment\u00e1rio dentre os trabalhadores da empresa e de moradores do distrito de Vale das Cancelas \u00e9 de que, na pressa de iniciar os trabalhos, n\u00e3o lhe foram fornecidos os equipamentos de prote\u00e7\u00e3o adequados ao servi\u00e7o e, estando vulner\u00e1vel ao fazer seu trabalho na torre n\u00ba38\/2, ele caiu de uma altura aproximada de 45 metros, n\u00e3o resistiu \u00e0 queda e morreu subitamente com o impacto da queda. As informa\u00e7\u00f5es ainda est\u00e3o sendo investigadas pelos \u00f3rg\u00e3os competentes conforme demonstra o Boletim de Ocorr\u00eancia anexo (REDS n\u00ba 2020-026215791-001), mas esse acontecimento deve ser registrado imediatamente diante do perigo a que os trabalhadores da obra e os geraizeiros est\u00e3o sendo expostos com a continuidade da obra. Equipamentos n\u00e3o apropriados. 45 metros de altura. Pl\u00e1stico cobrindo o corpo. 02\/6\/2020 \u00e0s 10h, a morte. Lucenildo deixou sua esposa vi\u00fava e filhos pequenos. Local: Fazenda S\u00e3o Louren\u00e7o, Geraizeiros de Buriti\/S\u00e3o Louren\u00e7o, pr\u00f3ximo da Retomada Alvimar Ribeiro dos Santos, em Gr\u00e3o Mogol. Segundo o B.O, os trabalhadores denunciaram a empresa Cymi. Eles n\u00e3o querem voltar a trabalhar, est\u00e3o inseguros. A empresa quer que eles pe\u00e7am demiss\u00e3o. A Cymi \u00e9 do grupo da Mantiqueira do grupo da Brookfield disse que vai trazer mais 40 trabalhadores. E a COVID-19? Gr\u00e3o Mogol n\u00e3o tem condi\u00e7\u00f5es de atender na \u00e1rea de sa\u00fade. \u201cA PM est\u00e1 dando apoio \u00e0 empresa e derrubando a identidade dos geraizeiros, inclusive o cerrado que est\u00e1 sendo pisoteado por caminh\u00f5es. Os geraizeiros est\u00e3o recuperando o cerrado e agora a empresa Mantiqueira destruindo tudo\u201d, afirmam geraizeiros. Os geraizeiros temem que a empresa esteja trazendo novo coronav\u00edrus para a regi\u00e3o. As Comunidades n\u00e3o foram consultadas previamente sobre o empreendimento, que prescreve a Conven\u00e7\u00e3o 169 da OIT, da ONU. Os trabalhadores est\u00e3o correndo risco de morte e as comunidades tamb\u00e9m.<\/p>\n\n\n\n<p>Videorreportagem de frei Gilvander Moreira, da CPT, CEBs, SAB e CEBI.<\/p>\n\n\n\n<p>Edi\u00e7\u00e3o: Frei Gilvander<\/p>\n\n\n\n<figure class=\"wp-block-image size-large is-resized\"><img loading=\"lazy\" decoding=\"async\" src=\"https:\/\/i1.wp.com\/www.cptmg.org.br\/portal\/wp-content\/uploads\/2020\/06\/WhatsApp-Image-2020-06-03-at-08.32.52.jpeg?fit=723%2C964\" alt=\"\" class=\"wp-image-4684\" width=\"774\" height=\"1032\"\/><figcaption>O progresso perpetrado pelo sistema capitalista matou no norte de Minas Gerais, em territ\u00f3rio geraizeiro, o trabalhador Lucenildo, natural de Goiana, Pernambuco, enquanto ele trabalhava em obra de montagem de rede de transmiss\u00e3o de energia das empresas CYMI e Mantiqueira. Ele no primeiro dia de trabalho, \u00e0s 10h do dia 02\/6\/2020, caiu de uma torre de energia, de uma altura de 45 metros. Foto feita por colegas trabalhadores.<\/figcaption><\/figure>\n\n\n\n<p>*Inscreva-se no You Tube, no Canal Frei Gilvander Luta pela Terra e por Direitos, no link: https:\/\/www.youtube.com\/user\/fgilvander, acione o sininho, receba as notifica\u00e7\u00f5es de envio de v\u00eddeos e assista a diversos v\u00eddeos de luta por direitos sociais. Se assistir e gostar, compartilhe. Sugerimos. #FreiGilvander #NaLutaPorDireitos #PalavrasDeF\u00e9ComFreiGilvander #Cora\u00e7\u00e3oDaDivisa<\/p>\n","protected":false},"excerpt":{"rendered":"<p>Trabalhador caiu de torre de 45 metros em trabalho da CYMI no territ\u00f3rio geraizeiro, Gr\u00e3o Mogol, no norte de MG. &nbsp;Dia 01\/06\/2020, as comunidades geraizeiras de Vale da s Cancelas, no munic\u00edpio de Gr\u00e3o Mogol, no norte de MG, verificaram que v\u00e1rias placas e mour\u00f5es haviam sido quebrados, algumas placas desapareceram e os arames haviam&#8230;<\/p>\n","protected":false},"author":8,"featured_media":6879,"comment_status":"open","ping_status":"open","sticky":false,"template":"","format":"standard","meta":{"_acf_changed":false,"footnotes":""},"categories":[71,68,69,72,54,55,51,66,67,53,41,49],"tags":[],"class_list":["post-6878","post","type-post","status-publish","format-standard","has-post-thumbnail","hentry","category-direito-a-cultura-popular","category-direito-a-historia","category-direito-a-saude","category-direito-a-terra","category-direitos-humanos","category-luta-pela-moradia","category-luta-pela-terra-e-reforma-agraria","category-memoria","category-pedagogia-emanticipatoria","category-teologia-da-libertacao","category-videos","category-videos-de-frei-gilvander"],"acf":[],"_links":{"self":[{"href":"https:\/\/www.cptmg.org.br\/portal\/wp-json\/wp\/v2\/posts\/6878","targetHints":{"allow":["GET"]}}],"collection":[{"href":"https:\/\/www.cptmg.org.br\/portal\/wp-json\/wp\/v2\/posts"}],"about":[{"href":"https:\/\/www.cptmg.org.br\/portal\/wp-json\/wp\/v2\/types\/post"}],"author":[{"embeddable":true,"href":"https:\/\/www.cptmg.org.br\/portal\/wp-json\/wp\/v2\/users\/8"}],"replies":[{"embeddable":true,"href":"https:\/\/www.cptmg.org.br\/portal\/wp-json\/wp\/v2\/comments?post=6878"}],"version-history":[{"count":0,"href":"https:\/\/www.cptmg.org.br\/portal\/wp-json\/wp\/v2\/posts\/6878\/revisions"}],"wp:featuredmedia":[{"embeddable":true,"href":"https:\/\/www.cptmg.org.br\/portal\/wp-json\/wp\/v2\/media\/6879"}],"wp:attachment":[{"href":"https:\/\/www.cptmg.org.br\/portal\/wp-json\/wp\/v2\/media?parent=6878"}],"wp:term":[{"taxonomy":"category","embeddable":true,"href":"https:\/\/www.cptmg.org.br\/portal\/wp-json\/wp\/v2\/categories?post=6878"},{"taxonomy":"post_tag","embeddable":true,"href":"https:\/\/www.cptmg.org.br\/portal\/wp-json\/wp\/v2\/tags?post=6878"}],"curies":[{"name":"wp","href":"https:\/\/api.w.org\/{rel}","templated":true}]}}