{"id":6430,"date":"2019-08-08T22:57:44","date_gmt":"2019-08-08T22:57:44","guid":{"rendered":"https:\/\/www.cptmg.org.br\/portal\/acampamento-cigano-sao-pedro-em-ibirite-mg-conquista-territorio-para-morar-em-sete-anos-de-luta\/"},"modified":"2025-01-31T15:43:10","modified_gmt":"2025-01-31T15:43:10","slug":"acampamento-cigano-sao-pedro-em-ibirite-mg-conquista-territorio-para-morar-em-sete-anos-de-luta","status":"publish","type":"post","link":"https:\/\/www.cptmg.org.br\/portal\/acampamento-cigano-sao-pedro-em-ibirite-mg-conquista-territorio-para-morar-em-sete-anos-de-luta\/","title":{"rendered":"Acampamento Cigano S\u00e3o Pedro, em Ibirit\u00e9, MG, conquista territ\u00f3rio para morar em sete Anos de Luta!"},"content":{"rendered":"\n<p><strong>Acampamento Cigano S\u00e3o Pedro, em Ibirit\u00e9, MG, conquista territ\u00f3rio para morar em sete Anos de Luta<\/strong>!<\/p>\n\n\n\n<figure class=\"wp-block-image is-resized\"><img loading=\"lazy\" decoding=\"async\" src=\"http:\/\/www.cptmg.org.br\/portal\/wp-content\/uploads\/2019\/08\/Ciganos-de-Ibirit\u00e9.jpg\" alt=\"\" class=\"wp-image-3738\" width=\"699\" height=\"391\"\/><figcaption>Fotografias do Acampamento cigano calon, do bairro S\u00e3o Pedro, em Ibirit\u00e9, regi\u00e3o metropolitana de Belo Horizonte,  MG. Foto: A. Baeta.<\/figcaption><\/figure>\n\n\n\n<p>Com muita alegria e satisfa\u00e7\u00e3o, recebemos a not\u00edcia de que foi cassada pela 1\u00aa C\u00e2mara C\u00edvel do Tribunal de Justi\u00e7a do Estado de Minas Gerais (TJMG), em 2\u00aa inst\u00e2ncia, sob relatoria do Desembargador Armando Freire a a\u00e7\u00e3o de Reintegra\u00e7\u00e3o de Posse com Demoli\u00e7\u00e3o do Acampamento S\u00e3o Pedro munic\u00edpio de Ibirit\u00e9, MG. A reintegra\u00e7\u00e3o tinha sido solicitada pela Prefeitura de Ibirit\u00e9 e concedida por uma ju\u00edza c\u00edvel de 1\u00aa inst\u00e2ncia de Ibirit\u00e9. \u00a0O pedido de \u201cNulidade de Decis\u00e3o Agravada\u201d, quer dizer, de suspens\u00e3o do despejo, foi solicitado pela Defensora P\u00fablica do Estado de Minas Gerais, Dra. Cleide Nepomuceno, com o apoio da Dra. Ana Cl\u00e1udia Alexandre, que acompanhou as lideran\u00e7as ciganas, que tamb\u00e9m representavam a Associa\u00e7\u00e3o Estadual Cultural de Direito e Defesa do Povo Cigano, Sra. Valdinalva Caldas e Sr. Itamar Soares na audi\u00eancia de julgamento no TJMG, que ocorreu no dia 06 de agosto de 2019. Alenice Baeta, representante do Centro de Documenta\u00e7\u00e3o Eloy Ferreira da Silva (CEDEFES) tamb\u00e9m acompanhou o julgamento.\u00a0 <\/p>\n\n\n\n<p>Na minuta recursal, ou melhor, no pedido\nde revis\u00e3o do processo, a Defensoria P\u00fablica de MG alegou que a Prefeitura de\nIbirit\u00e9 solicitou a\u00e7\u00e3o de reintegra\u00e7\u00e3o de posse contra apenas um dos moradores,\nomitindo que se tratava de uma comunidade. Na realidade a ocupa\u00e7\u00e3o abriga doze\nfam\u00edlias, somando um total de mais de 30 pessoas, entre as quais crian\u00e7as e\nidosos. Tal informa\u00e7\u00e3o incompleta impediu o amplo direito de defesa por parte\nda comunidade cigana, importante categoria de povo tradicional. O recurso ainda\napontou falta de fundamenta\u00e7\u00e3o de que o terreno seria \u201csuposta \u00e1rea de\npreserva\u00e7\u00e3o ambiental\u201d, alegando ainda a necessidade das \u201cpropriedades\ncumprirem com sua fun\u00e7\u00e3o social.\u201d Ainda argumentou que se \u201ctrata de caso de\ngrande repercuss\u00e3o social\u201d sendo que a \u201cdignidade humana deve ser observada.\u201d Frente\na estes argumentos, o Desembargador Armando Freire, que era relator, apontou o\nseguinte: <\/p>\n\n\n\n<p>\u201c<em>Ressalto\nque n\u00e3o me passa desapercebido o fato de que a decis\u00e3o agravada foi proferida\nlevando em considera\u00e7\u00e3o o que constava da peti\u00e7\u00e3o inicial, vale dizer, uma a\u00e7\u00e3o\nde reintegra\u00e7\u00e3o de posse contra apenas uma pessoa. Contudo, a realidade f\u00e1tica\ncomprovada pelo oficial de justi\u00e7a e reconhecida pela pr\u00f3pria parte autora\nimp\u00f5e uma nova perspectiva sobre o caso, n\u00e3o sendo razo\u00e1vel desconsiderar que\nse trata de uma a\u00e7\u00e3o possess\u00f3ria em face de um Acampamento Cigano, uma\nverdadeira comunidade que ao que tudo indica vem ocupando aquele espa\u00e7o a cerca\nde sete anos. Assim, \u00e9 de admitir a inviabilidade de que a liminar concedida na\na\u00e7\u00e3o possess\u00f3ria surta seus efeitos sobre pessoas at\u00e9 ent\u00e3o estranhas \u00e0 lide,\nvale dizer, que direitos que eventualmente possuam sem que a eles seja dada a\ngarantia constitucional de resposta, consagrada nos princ\u00edpios do contradit\u00f3rio\ne da ampla defesa. Desse modo, e considerando tamb\u00e9m que j\u00e1 houve o pedido\nautoral que j\u00e1 houve a regulariza\u00e7\u00e3o do p\u00f3lo passivo da lide, com a inclus\u00e3o\ndos demais ocupantes da \u00e1rea objeto de reintegra\u00e7\u00e3o, entendendo pela\nnecessidade de cassa\u00e7\u00e3o da decis\u00e3o agravada, para que outra seja proferida,\nlevando em considera\u00e7\u00e3o a nova realidade f\u00e1tica revelada nos autos de origem<\/em>.\u201d<\/p>\n\n\n\n<p>Por isso, em julgamento de m\u00e9rito, a\nliminar de reintegra\u00e7\u00e3o de posse, que estava suspensa por decis\u00e3o de um desembargador,\nfoi cassada por um colegiado de desembargadores. Os Desembargadores vogais Dr. Alberto\nVilas Boas e Dr. Washington Ferreira votaram tamb\u00e9m de acordo com o voto do\ndesembargador relator. Assim, por tr\u00eas a zero, a 1\u00aa C\u00e2mara C\u00edvel do TJMG\nderrubou definitivamente a liminar que estava suspensa e o Acampamento Cigano\nde S\u00e3o Pedro, em Ibirit\u00e9, regi\u00e3o metropolitana de Belo Horizonte, MG,\nconquistou, assim, um pequeno territ\u00f3rio, mas imprescind\u00edvel para morar e viver\ncom dignidade. Por unanimidade a causa cigana foi ganha! &nbsp;&nbsp;&nbsp;&nbsp;&nbsp;&nbsp;<\/p>\n\n\n\n<p>Essa vit\u00f3ria \u00e9 muito importante tamb\u00e9m\nporque pode inspirar outras conquistas em Minas Gerais e em outros estados. <\/p>\n\n\n\n<p><strong>Assinam\nesta Nota:<\/strong><\/p>\n\n\n\n<p>\n\n\n\n\n\n\n\n\n\n\n\n\n\n\n\n\nAssocia\u00e7\u00e3o\nEstadual Cultural de Direito e Defesa do Povo Cigano\n\n\n\n<\/p>\n\n\n\n<p>Comiss\u00e3o Pastoral da Terra (CPT\/MG)<\/p>\n\n\n\n<p>Centro de Documenta\u00e7\u00e3o Eloy Ferreira da\nSilva (CEDEFES)<\/p>\n\n\n\n<p>&nbsp;Ibirit\u00e9, MG, 08 de agosto de 2018.<\/p>\n\n\n\n<figure class=\"wp-block-image\"><img decoding=\"async\" src=\"http:\/\/www.cptmg.org.br\/portal\/wp-content\/uploads\/2019\/08\/Ciganos-no-TJMG-06-8-2019.jpg\" alt=\"\" class=\"wp-image-3740\"\/><\/figure>\n\n\n\n<figure class=\"wp-block-image\"><img decoding=\"async\" src=\"http:\/\/www.cptmg.org.br\/portal\/wp-content\/uploads\/2019\/08\/Ciganos-no-TJMG-2-06-8-2019.jpg\" alt=\"\" class=\"wp-image-3741\"\/><\/figure>\n\n\n\n<p>= = = = = = <\/p>\n\n\n\n<p><strong>ENTENDA\nO CONFLITO SOCIAL QUE DUROU SETE ANOS. <\/strong><\/p>\n\n\n\n<p>Para compreender a luta de sete anos do\nAcampamento Cigano calon, do bairro S\u00e3o Pedro, em Ibirit\u00e9, MG, luta que levou \u00e0\nconquista definitiva de um terreno para a Comunidade Cigana Calon, do\nAcampamento Cigano de Ibirit\u00e9, morar e viver com dignidade leia as notas e\nassista aos v\u00eddeos nos links, abaixo.<\/p>\n\n\n\n<figure class=\"wp-block-embed\"><div class=\"wp-block-embed__wrapper\">\nhttp:\/\/gilvander.org.br\/site\/comunidade-cigana-de-sao-pedro-em-ibirite-mg-na-iminencia-de-despejo-clama-por-terreno-adequado-e-por-direitos-nota-publica\/\n<\/div><\/figure>\n\n\n\n<figure class=\"wp-block-embed\"><div class=\"wp-block-embed__wrapper\">\nhttp:\/\/gilvander.org.br\/site\/prefeitura-de-ibirite-mg-tem-45-dias-para-arrumar-terrenos-para-as-comunidades-ciganas-da-cidade-prazo-dado-pela-mesa-de-negociacao-do-governo-de-minas\/\n<\/div><\/figure>\n\n\n\n<figure class=\"wp-block-embed\"><div class=\"wp-block-embed__wrapper\">\nhttp:\/\/gilvander.org.br\/site\/comunidade-cigana-de-sao-pedro-em-ibirite-mg-conquista-efeito-suspensivo-em-liminar-de-despejo-a-luta-pelos-direitos-ciganos-cresce\/\n<\/div><\/figure>\n\n\n\n<figure class=\"wp-block-embed\"><div class=\"wp-block-embed__wrapper\">\nhttp:\/\/gilvander.org.br\/site\/comunidade-cigana-do-sao-pedro-em-ibirite-mg-recebe-apoio-de-diversos-movimentos-sociais-e-instituicoes-publicas\/\n<\/div><\/figure>\n\n\n\n<figure class=\"wp-block-embed\"><div class=\"wp-block-embed__wrapper\">\nhttp:\/\/gilvander.org.br\/site\/acampamento-cigano-de-sao-pedro-em-ibirite-mg-a-voz-da-mulher-pelo-direito-a-terra-e-a-moradia-por-respeito-a-dignidade-humana-26-5-2018\/\n<\/div><\/figure>\n\n\n\n<figure class=\"wp-block-embed\"><div class=\"wp-block-embed__wrapper\">\nhttp:\/\/gilvander.org.br\/site\/acampamento-cigano-sao-pedro-clamor-dos-ciganos-por-terra-e-direitos-em-ibirite-mg-25-5-2018\/\n<\/div><\/figure>\n\n\n\n<figure class=\"wp-block-embed\"><div class=\"wp-block-embed__wrapper\">\nhttps:\/\/www.youtube.com\/edit?o=U&#038;video_id=JXypSm4aFfA\n<\/div><\/figure>\n\n\n\n<figure class=\"wp-block-embed-youtube wp-block-embed is-type-video is-provider-youtube wp-embed-aspect-16-9 wp-has-aspect-ratio\"><div class=\"wp-block-embed__wrapper\">\n<iframe loading=\"lazy\" title=\"Direito ao territ\u00f3rio e \u00e0 dignidade: Acampamento Cigano S\u00e3o Pedro\/Ibirit\u00e9\/MG. V\u00eddeo 1 - 13\/1\/19\" width=\"640\" height=\"360\" src=\"https:\/\/www.youtube.com\/embed\/VX4ItDlICdE?feature=oembed\" frameborder=\"0\" allow=\"accelerometer; autoplay; clipboard-write; encrypted-media; gyroscope; picture-in-picture; web-share\" referrerpolicy=\"strict-origin-when-cross-origin\" allowfullscreen><\/iframe>\n<\/div><\/figure>\n\n\n\n<figure class=\"wp-block-embed-youtube wp-block-embed is-type-video is-provider-youtube wp-embed-aspect-16-9 wp-has-aspect-ratio\"><div class=\"wp-block-embed__wrapper\">\n<iframe loading=\"lazy\" title=\"Comunidade Cigana S. Pedro\/Ibirit\u00e9\/MG exige conclus\u00e3o de servi\u00e7os pela Prefeitura\/13\/1\/19\/V\u00eddeo 2\" width=\"640\" height=\"360\" src=\"https:\/\/www.youtube.com\/embed\/RNGICmIv2SM?feature=oembed\" frameborder=\"0\" allow=\"accelerometer; autoplay; clipboard-write; encrypted-media; gyroscope; picture-in-picture; web-share\" referrerpolicy=\"strict-origin-when-cross-origin\" allowfullscreen><\/iframe>\n<\/div><\/figure>\n\n\n\n<figure class=\"wp-block-embed-youtube wp-block-embed is-type-video is-provider-youtube wp-embed-aspect-16-9 wp-has-aspect-ratio\"><div class=\"wp-block-embed__wrapper\">\n<iframe loading=\"lazy\" title=\"Valdinava, da Comunidade Cigana de Ibirit\u00e9\/MG,  em audi\u00eancia na ALMG - 20\/3\/2019\" width=\"640\" height=\"360\" src=\"https:\/\/www.youtube.com\/embed\/gu3F2_N7ZtA?feature=oembed\" frameborder=\"0\" allow=\"accelerometer; autoplay; clipboard-write; encrypted-media; gyroscope; picture-in-picture; web-share\" referrerpolicy=\"strict-origin-when-cross-origin\" allowfullscreen><\/iframe>\n<\/div><\/figure>\n\n\n\n<figure class=\"wp-block-embed-youtube wp-block-embed is-type-video is-provider-youtube wp-embed-aspect-16-9 wp-has-aspect-ratio\"><div class=\"wp-block-embed__wrapper\">\n<iframe loading=\"lazy\" title=\"Acampamento Cigano: Prefeito de Ibirit\u00e9, MG, arrume saneamento para os\/as ciganos\/as.10\/6\/2019\" width=\"640\" height=\"360\" src=\"https:\/\/www.youtube.com\/embed\/bSKLQG_YuMo?feature=oembed\" frameborder=\"0\" allow=\"accelerometer; autoplay; clipboard-write; encrypted-media; gyroscope; picture-in-picture; web-share\" referrerpolicy=\"strict-origin-when-cross-origin\" allowfullscreen><\/iframe>\n<\/div><\/figure>\n","protected":false},"excerpt":{"rendered":"<p>Acampamento Cigano S\u00e3o Pedro, em Ibirit\u00e9, MG, conquista territ\u00f3rio para morar em sete Anos de Luta! Com muita alegria e satisfa\u00e7\u00e3o, recebemos a not\u00edcia de que foi cassada pela 1\u00aa C\u00e2mara C\u00edvel do Tribunal de Justi\u00e7a do Estado de Minas Gerais (TJMG), em 2\u00aa inst\u00e2ncia, sob relatoria do Desembargador Armando Freire a a\u00e7\u00e3o de Reintegra\u00e7\u00e3o&#8230;<\/p>\n","protected":false},"author":8,"featured_media":6431,"comment_status":"open","ping_status":"open","sticky":false,"template":"","format":"standard","meta":{"_acf_changed":false,"footnotes":""},"categories":[45,64,71,54,55,51,59,47,49],"tags":[],"class_list":["post-6430","post","type-post","status-publish","format-standard","has-post-thumbnail","hentry","category-assentamento","category-direito-a-cidade","category-direito-a-cultura-popular","category-direitos-humanos","category-luta-pela-moradia","category-luta-pela-terra-e-reforma-agraria","category-nota-publica","category-ocupacao-urbana","category-videos-de-frei-gilvander"],"acf":[],"_links":{"self":[{"href":"https:\/\/www.cptmg.org.br\/portal\/wp-json\/wp\/v2\/posts\/6430","targetHints":{"allow":["GET"]}}],"collection":[{"href":"https:\/\/www.cptmg.org.br\/portal\/wp-json\/wp\/v2\/posts"}],"about":[{"href":"https:\/\/www.cptmg.org.br\/portal\/wp-json\/wp\/v2\/types\/post"}],"author":[{"embeddable":true,"href":"https:\/\/www.cptmg.org.br\/portal\/wp-json\/wp\/v2\/users\/8"}],"replies":[{"embeddable":true,"href":"https:\/\/www.cptmg.org.br\/portal\/wp-json\/wp\/v2\/comments?post=6430"}],"version-history":[{"count":0,"href":"https:\/\/www.cptmg.org.br\/portal\/wp-json\/wp\/v2\/posts\/6430\/revisions"}],"wp:featuredmedia":[{"embeddable":true,"href":"https:\/\/www.cptmg.org.br\/portal\/wp-json\/wp\/v2\/media\/6431"}],"wp:attachment":[{"href":"https:\/\/www.cptmg.org.br\/portal\/wp-json\/wp\/v2\/media?parent=6430"}],"wp:term":[{"taxonomy":"category","embeddable":true,"href":"https:\/\/www.cptmg.org.br\/portal\/wp-json\/wp\/v2\/categories?post=6430"},{"taxonomy":"post_tag","embeddable":true,"href":"https:\/\/www.cptmg.org.br\/portal\/wp-json\/wp\/v2\/tags?post=6430"}],"curies":[{"name":"wp","href":"https:\/\/api.w.org\/{rel}","templated":true}]}}