{"id":6364,"date":"2019-07-09T11:27:06","date_gmt":"2019-07-09T11:27:06","guid":{"rendered":"https:\/\/www.cptmg.org.br\/portal\/urgente-despejo-de-ocupacao-camponesa-de-19-anos-em-miravania-no-norte-de-minas-gerais-injustica-e-violencia-que-clamam-aos-ceus\/"},"modified":"2025-01-31T15:43:09","modified_gmt":"2025-01-31T15:43:09","slug":"urgente-despejo-de-ocupacao-camponesa-de-19-anos-em-miravania-no-norte-de-minas-gerais-injustica-e-violencia-que-clamam-aos-ceus","status":"publish","type":"post","link":"https:\/\/www.cptmg.org.br\/portal\/urgente-despejo-de-ocupacao-camponesa-de-19-anos-em-miravania-no-norte-de-minas-gerais-injustica-e-violencia-que-clamam-aos-ceus\/","title":{"rendered":"Urgente! Despejo de Ocupa\u00e7\u00e3o camponesa de 19 anos em Mirav\u00e2nia no norte de Minas Gerais. Injusti\u00e7a e viol\u00eancia que clamam aos c\u00e9us!"},"content":{"rendered":"\n<p><strong>Urgente!<\/strong> <strong>Despejo de Ocupa\u00e7\u00e3o camponesa de 19 anos em Mirav\u00e2nia no norte de Minas Gerais. Injusti\u00e7a e viol\u00eancia que clamam aos c\u00e9us!<\/strong><\/p>\n\n\n\n<figure class=\"wp-block-image\"><img decoding=\"async\" src=\"http:\/\/www.cptmg.org.br\/portal\/wp-content\/uploads\/2019\/07\/66785414_2451306351813905_6080018719977766912_n.jpg\" alt=\"\" class=\"wp-image-3569\"\/><figcaption>Primeiras imagens do despejo com destrui\u00e7\u00e3o das moradias das fam\u00edlias da Ocupa\u00e7\u00e3o-comunidade Olaria Barra do Mirador, na Fazenda Japor\u00e9, no munic\u00edpio de Mirav\u00e2nia, no extremo norte de MG. Fotos: CPT\/MG.<\/figcaption><\/figure>\n\n\n\n<p>Hoje, dia 9 de julho de\n2019, \u00e0s 8h00 na Ocupa\u00e7\u00e3o-comunidade Olaria Barra do Mirador, com 52 fam\u00edlias h\u00e1\n19 anos \u2013 comunidade francamente consolidada &#8211; ocupando a Fazenda Japor\u00e9 no\nmunic\u00edpio de Mirav\u00e2nia, extremo Norte de Minas Gerais, o Comando Geral da Pol\u00edcia\nMilitar &nbsp;de MG com cerca de 100 policiais\ne 20 viaturas iniciaram uma opera\u00e7\u00e3o de guerra e trucul\u00eancia, despejando as\nfam\u00edlias acampadas h\u00e1 19 anos e fecharam as estradas que d\u00e1 acesso \u00e0s fam\u00edlias.\nPoliciais abordaram uma das lideran\u00e7as, o Sr. Jos\u00e9 Roberto Lisboa,&nbsp;e\noutras duas fam\u00edlias falando palavr\u00f5es, intimida\u00e7\u00f5es e impedindo-os de\naproximarem da suas casas, que acabavam de ser derrubadas por tratores a pedido\ndo fazendeiro e com decis\u00e3o do Tribunal de Justi\u00e7a de Minas Gerais (TJMG). N\u00e3o\nhouve reuni\u00e3o da Mesa de Negocia\u00e7\u00e3o do Governo de Minas com as Ocupa\u00e7\u00f5es\nUrbanas e rurais para tratar do conflito grav\u00edssimo que envolve dezenas de fam\u00edlias\nda Ocupa\u00e7\u00e3o em Mirav\u00e2nia. O clima na regi\u00e3o est\u00e1 muito tenso. O povo est\u00e1\napavorado. Amanh\u00e3, dia 10\/7\/2019, acontecer\u00e1 Audi\u00eancia P\u00fablica na Comiss\u00e3o\nDireitos Humanos da Assembleia Legislativa de Minas Gerais (ALMG) para discutir\na suspens\u00e3o da Liminar de Reintegra\u00e7\u00e3o de Posse.<\/p>\n\n\n\n<p>&nbsp;<strong>Assinam esta Nota:<\/strong><\/p>\n\n\n\n<p>Associa\u00e7\u00e3o\ndos Pequenos Produtores do Projeto de Assentamento Olaria Barra do Mirador;<\/p>\n\n\n\n<p>Comiss\u00e3o\nPastoral da Terra (CPT\/MG).<\/p>\n\n\n\n<p>Belo Horizonte, MG, 09 de julho de 2019.<\/p>\n\n\n\n<div class=\"wp-block-image\"><figure class=\"alignleft is-resized\"><img loading=\"lazy\" decoding=\"async\" src=\"http:\/\/www.cptmg.org.br\/portal\/wp-content\/uploads\/2019\/07\/66033859_2451326735145200_4455114918386991104_n.jpg\" alt=\"\" class=\"wp-image-3570\" width=\"243\" height=\"432\"\/><figcaption>Fonte de vida foi violentada no despejo em Mirav\u00e2nia hoje, 09\/7\/2019.<\/figcaption><\/figure><\/div>\n\n\n\n<p>= = = = = = <\/p>\n\n\n\n<figure class=\"wp-block-image is-resized\"><img loading=\"lazy\" decoding=\"async\" src=\"http:\/\/www.cptmg.org.br\/portal\/wp-content\/uploads\/2019\/07\/66136839_2451306151813925_7311393222494781440_n.jpg\" alt=\"\" class=\"wp-image-3571\" width=\"438\" height=\"245\"\/><figcaption>19 anos de luta por uma pedacinho de terra e luta por vida digna transformadoS em monturo pelo Latif\u00fandio + TJMG + Governo de MG + PM\/MG.<\/figcaption><\/figure>\n\n\n\n<div class=\"wp-block-image\"><figure class=\"alignleft is-resized\"><img loading=\"lazy\" decoding=\"async\" src=\"http:\/\/www.cptmg.org.br\/portal\/wp-content\/uploads\/2019\/07\/66159709_2451307081813832_5226205863215104000_n.jpg\" alt=\"\" class=\"wp-image-3572\" width=\"440\" height=\"246\"\/><\/figure><\/div>\n\n\n\n<div class=\"wp-block-image\"><figure class=\"alignleft is-resized\"><img loading=\"lazy\" decoding=\"async\" src=\"http:\/\/www.cptmg.org.br\/portal\/wp-content\/uploads\/2019\/07\/66197706_2451327115145162_8643182836326596608_n.jpg\" alt=\"\" class=\"wp-image-3573\" width=\"199\" height=\"353\"\/><\/figure><\/div>\n\n\n\n<div class=\"wp-block-image\"><figure class=\"alignleft is-resized\"><img loading=\"lazy\" decoding=\"async\" src=\"http:\/\/www.cptmg.org.br\/portal\/wp-content\/uploads\/2019\/07\/66222437_2451306485147225_6841325694945853440_n.jpg\" alt=\"\" class=\"wp-image-3574\" width=\"350\" height=\"196\"\/><\/figure><\/div>\n\n\n\n<div class=\"wp-block-image\"><figure class=\"alignleft is-resized\"><img loading=\"lazy\" decoding=\"async\" src=\"http:\/\/www.cptmg.org.br\/portal\/wp-content\/uploads\/2019\/07\/66274852_2451326491811891_3451926801331257344_n.jpg\" alt=\"\" class=\"wp-image-3575\" width=\"299\" height=\"167\"\/><\/figure><\/div>\n\n\n\n<div class=\"wp-block-image\"><figure class=\"alignleft is-resized\"><img loading=\"lazy\" decoding=\"async\" src=\"http:\/\/www.cptmg.org.br\/portal\/wp-content\/uploads\/2019\/07\/66342143_2451327538478453_4039179973225873408_n.jpg\" alt=\"\" class=\"wp-image-3576\" width=\"329\" height=\"184\"\/><\/figure><\/div>\n\n\n\n<div class=\"wp-block-image\"><figure class=\"alignleft is-resized\"><img loading=\"lazy\" decoding=\"async\" src=\"http:\/\/www.cptmg.org.br\/portal\/wp-content\/uploads\/2019\/07\/66429727_2451327245145149_8909079966654660608_n.jpg\" alt=\"\" class=\"wp-image-3577\" width=\"310\" height=\"174\"\/><figcaption>Como mandacaru, as fontes de vida resistem. <\/figcaption><\/figure><\/div>\n\n\n\n<div class=\"wp-block-image\"><figure class=\"alignleft is-resized\"><img loading=\"lazy\" decoding=\"async\" src=\"http:\/\/www.cptmg.org.br\/portal\/wp-content\/uploads\/2019\/07\/66471484_2451306668480540_1934635226407895040_n.jpg\" alt=\"\" class=\"wp-image-3578\" width=\"337\" height=\"189\"\/><\/figure><\/div>\n\n\n\n<div class=\"wp-block-image\"><figure class=\"alignleft is-resized\"><img loading=\"lazy\" decoding=\"async\" src=\"http:\/\/www.cptmg.org.br\/portal\/wp-content\/uploads\/2019\/07\/66609225_2451306851813855_4965356951547412480_n.jpg\" alt=\"\" class=\"wp-image-3579\" width=\"310\" height=\"174\"\/><\/figure><\/div>\n\n\n\n<figure class=\"wp-block-image\"><img decoding=\"async\" src=\"http:\/\/www.cptmg.org.br\/portal\/wp-content\/uploads\/2019\/07\/66668650_2451326928478514_5015058669579010048_n.jpg\" alt=\"\" class=\"wp-image-3580\"\/><figcaption>Toda reintegra\u00e7\u00e3o de posse \u00e9 uma desintegra\u00e7\u00e3o de sonhos.<\/figcaption><\/figure>\n\n\n\n<figure class=\"wp-block-image\"><img decoding=\"async\" src=\"http:\/\/www.cptmg.org.br\/portal\/wp-content\/uploads\/2019\/07\/66785414_2451306351813905_6080018719977766912_n-1.jpg\" alt=\"\" class=\"wp-image-3581\"\/><figcaption>Malditas todas as cercas!<\/figcaption><\/figure>\n\n\n\n<figure class=\"wp-block-image\"><img decoding=\"async\" src=\"http:\/\/www.cptmg.org.br\/portal\/wp-content\/uploads\/2019\/07\/66830334_2451326185145255_5795182454616621056_n.jpg\" alt=\"\" class=\"wp-image-3582\"\/><figcaption>Todo despejo inconstitucional sem alternativa digna e pr\u00e9via \u00e9 uma sexta-feira da paix\u00e3o, mas, com Deus na guia e com a for\u00e7a espiritual dos camponeses, ser\u00e1 transformado em um domingo de ressurrei\u00e7\u00e3o com terra partilhada, democratizada e socializa\u00e7\u00e3o. Maldito todo latif\u00fandio, arma mort\u00edfera nas m\u00e3os de opressores. <\/figcaption><\/figure>\n\n\n\n<p><strong>PARA COMPREENDER O CONFLITO QUE ENVOLVE AS FAM\u00cdLIAS DA OCUPA\u00c7\u00c3O-COMUNIDADE EM MIRAV\u00c2NIA, cf. Nota, abaixo.<\/strong><\/p>\n\n\n\n<p><strong>TJMG\nmanda despejar Ocupa\u00e7\u00e3o de 19 anos em Mirav\u00e2nia, no norte de Minas: injusti\u00e7a\nque clama aos c\u00e9us!<\/strong><\/p>\n\n\n\n<p>Uma Liminar de Reintegra\u00e7\u00e3o de Posse expedida\npelo Tribunal de Justi\u00e7a de Minas Gerais (TJMG) justificou o despejo e acabou com\na paz e o sossego de 52 fam\u00edlias de camponeses(as), da Comunidade Olaria Barra\ndo Mirador, na Fazenda Mata do Japor\u00e9, no munic\u00edpio de Mirav\u00e2nia, no extremo\nNorte de Minas Gerais. No ano de 2000, h\u00e1 exatos 19 anos, 52 fam\u00edlias de\ncamponeses (as) sem-terra da regi\u00e3o ocuparam a fazenda Mata do Japor\u00e9, que, com\ncerca de 6.000 hectares, estava totalmente improdutiva e abandonada, ou seja,\nsem cumprir sua fun\u00e7\u00e3o social, o que exige a Constitui\u00e7\u00e3o de 1988.<\/p>\n\n\n\n<p>Cansados de esperar pela enrola\u00e7\u00e3o do INCRA\n(Instituto Nacional de Coloniza\u00e7\u00e3o e Reforma Agr\u00e1ria), os\/as camponeses\/as,\nentre os anos de 2002 e 2003, dividiram por conta pr\u00f3pria o latif\u00fandio em 52\nlotes com 40 hectares cada, em m\u00e9dia. Desde ent\u00e3o, as fam\u00edlias produzem milho,\nfeij\u00e3o, mandioca, queijos e doces, al\u00e9m de criarem gado, porcos e galinhas para\no seu pr\u00f3prio sustento e alimentarem a economia local do pequeno munic\u00edpio de\nMirav\u00e2nia, com cerca de 7&nbsp;mil habitantes.<\/p>\n\n\n\n<p>Ao longo de 19 anos, as 52 fam\u00edlias camponesas\nfirmaram ali suas vidas, criaram ra\u00edzes culturais no territ\u00f3rio, construindo\ncasas de alvenarias, criando pequenos animais, cultivando ro\u00e7as de milho,\nfeij\u00e3o e mandioca. As fam\u00edlias produzem farinha para o seu sustento e para o abastecimento\nda cidade de Mirav\u00e2nia e regi\u00e3o. O Acampamento da fazenda Mata do Japor\u00e9 \u00e9 respons\u00e1vel\npor mais de 50% da farinha produzida no munic\u00edpio de Mirav\u00e2nia. V\u00e1rios\nbenef\u00edcios de pol\u00edticas p\u00fablicas para conviv\u00eancia com o semi\u00e1rido foram\nimplantados nessa comunidade camponesa, tais como: \u00e1gua para abastecimento\nhumano e produ\u00e7\u00e3o de alimentos, com cisternas de capta\u00e7\u00e3o de \u00e1gua de chuva,\ncisterna cal\u00e7ad\u00e3o, telhad\u00e3o e pequenos barramentos.<\/p>\n\n\n\n<p>Nota do site <em>A Nova Democracia<\/em> afirma: \u201c<em>Desde\nque come\u00e7aram a produzir em seus pr\u00f3prios lotes, os camponeses da Comunidade\nOlaria Barra do Mirador conquistaram, com seu pr\u00f3prio trabalho, com o suor de\nseus rostos, uma vida mais digna. A maioria das fam\u00edlias j\u00e1 possui casas de\nalvenaria, cercas, pastos formados, currais, embarcadores, motocicletas e\nautom\u00f3veis. Organizados na sua Associa\u00e7\u00e3o, os camponeses j\u00e1 conquistaram, por\nmeio de verbas p\u00fablicas, energia el\u00e9trica em parte das casas, caixas para\ncapta\u00e7\u00e3o de \u00e1gua da chuva, barragens, terreir\u00f5es, maquin\u00e1rio para processamento\nde gr\u00e3os e a pr\u00f3pria sede da associa\u00e7\u00e3o. Todas as fam\u00edlias possuem a Declara\u00e7\u00e3o\nde Aptid\u00e3o ao Programa Nacional de Fortalecimento da Agricultura Familiar\n(DAP), cart\u00f5es do Instituto Mineiro de Agropecu\u00e1ria (IMA) e Cadastro Ambiental\nRural (CAR)<\/em>\u201d.<\/p>\n\n\n\n<p>A resist\u00eancia dos camponeses de Mirav\u00e2nia\nremonta a hist\u00f3ria de luta do campesinato do norte de Minas Gerais que, h\u00e1\nd\u00e9cadas, particularmente durante ditadura militar, civil e empresarial, teve\nsuas terras griladas por latifundi\u00e1rios por meio da atua\u00e7\u00e3o de jagun\u00e7os. <\/p>\n\n\n\n<p>Em 2013, o empres\u00e1rio Walter Arantes Santana\nconhecido como Waltinho, chegou \u00e0 regi\u00e3o e comprou a \u00e1rea em conflito. Walter \u00e9\num dos s\u00f3cios da rede de Supermercados BH da capital mineira. Walter,\nrecentemente, esteve preso por envolvimento em lavagem de dinheiro durante a\n\u201cOpera\u00e7\u00e3o Lava Jato\u201d. Walter tamb\u00e9m comandou o cruel despejo das fam\u00edlias da\nFazenda Maril\u00e2ndia, no munic\u00edpio de Manga. Somente na comarca de Janu\u00e1ria,\nWalter Arantes possui 11 processos abertos, em sua maioria por crimes\nambientais. Em Belo Horizonte, o latifundi\u00e1rio responde a dezenas de processos,\ndentre os quais \u201cenriquecimento il\u00edcito\u201d.<\/p>\n\n\n\n<p>H\u00e1 17 anos tramita na Justi\u00e7a uma a\u00e7\u00e3o de\nreintegra\u00e7\u00e3o de posse contra essas 52 fam\u00edlias camponesas que at\u00e9 o momento nunca\nforam ouvidas e, por isso, n\u00e3o tiveram direito ao contradit\u00f3rio e nem \u00e0 ampla\ndefesa no processo. Agora, a Vara de Conflitos agr\u00e1rios do TJMG expediu um\nmandado de despejo. Nestes dias realizou-se uma reuni\u00e3o do Comit\u00ea de crise em\nMirav\u00e2nia para discutir a desocupa\u00e7\u00e3o da \u00e1rea.<br>\nSitua\u00e7\u00e3o semelhante a das fam\u00edlias que vivem h\u00e1 21 anos na Fazenda Maril\u00e2ndia,\nno munic\u00edpio de Manga, no Norte de Minas. \u00c9 o mesmo propriet\u00e1rio que hoje\namea\u00e7a e quer expulsar essas fam\u00edlias.<br>\nAs fam\u00edlias clamam por justi\u00e7a! A situa\u00e7\u00e3o \u00e9 preocupante e bastante tensa.<br>\nAs fam\u00edlias v\u00eam recebendo o apoio da Liga Camponesa dos Pobres do Norte de\nMinas e Sul da Bahia.<\/p>\n\n\n\n<p>Dia 31 de maio \u00faltimo (2019), dezenas de\ncamponeses e apoiadores da luta pela terra compareceram ao gin\u00e1sio da Escola Estadual\nDona Maria Carlos Mota, em Mirav\u00e2nia para um Ato p\u00fablico contra expuls\u00e3o das\nfam\u00edlias camponesas da Comunidade Olaria Barra do Mirador. Participaram\nrepresentantes da Associa\u00e7\u00e3o dos Pequenos Produtores do Projeto de Assentamento\nOlaria Barra do Mirador, da Comiss\u00e3o Pastoral da Terra (CPT\/MG), da Comiss\u00e3o\nEstadual de Jovens Trabalhadores Rurais da Federa\u00e7\u00e3o dos Trabalhadores na\nAgricultura do Estado Minas Gerais (FETAEMG), da Liga dos Camponeses Pobres\n(LCP) do Norte de Minas e Sul da Bahia, vereadores e o presidente do Conselho\nde Desenvolvimento Comunit\u00e1rio de Mirav\u00e2nia (CODECOM). O Ato teve apoio da\nArticula\u00e7\u00e3o Rosalino, do Centro de Agricultura Alternativa do Norte de Minas\n(CAA) e do Comit\u00ea de Apoio \u00e0 Luta pela Terra.<\/p>\n\n\n\n<p>No Ato P\u00fablico, Wilson Lojor, diretor da\nEscola Estadual Dona Maria Carlos Mota, ressaltou: &#8220;<em>\u00c9&nbsp;muito importante que as fam\u00edlias permane\u00e7am nas suas terras,\npois s\u00e3o elas que movimentam o com\u00e9rcio da cidade e n\u00e3o podem ser expulsas do\nlugar onde nasceram e foram criadas para as capitais, enfrentar o desemprego e\ntodos os problemas que afligem os pobres nas grandes cidades<\/em>&#8220;.<\/p>\n\n\n\n<p>Um dos camponeses da Comunidade Olaria Barra\ndo Mirador disse que todas as fam\u00edlias est\u00e3o determinadas a resistir a qualquer\ntentativa de despejo. Ele disse: \u201c<em>N\u00e3o vamos\naceitar que Waltinho chegue aqui em nossa cidade e ache que \u00e9 dono de tudo! N\u00e3o\nvamos entregar de m\u00e3os beijadas aquilo que conquistamos com tantos anos\ntrabalhando na enxada, fac\u00e3o e foice, dia e noite! N\u00e3o reconhecemos esta\ndecis\u00e3o desta dita justi\u00e7a, que est\u00e1 claramente puxando a sardinha para o lado\ndos latifundi\u00e1rios. N\u00e3o vamos sair das nossas ro\u00e7as para ir criar nossos filhos\nnas favelas das grandes cidades, desempregados, vivendo de bicos. Agora est\u00e3o\nfalando em negocia\u00e7\u00e3o, que \u201cv\u00e3o nos dar 3 hectares\u201d. Como v\u00e3o nos dar uma coisa\nque j\u00e1 \u00e9 nossa? Isto \u00e9 conversa para boi dormir, querem nos enrolar para,\ndepois que a poeira baixar, expulsar todo mundo e usar nossas terras para\nengordar seus gados<\/em>\u201d.<\/p>\n\n\n\n<p>O Minist\u00e9rio P\u00fablico da \u00e1rea de Conflitos\nAgr\u00e1rios e a Defensoria P\u00fablica do Estado de Minas Gerais, tamb\u00e9m da \u00e1rea de\nConflitos Agr\u00e1rios, est\u00e3o ingressando com recursos judiciais para derrubar esta\nLiminar de Reintegra\u00e7\u00e3o de Posse que \u00e9 inconstitucional, imoral, sem\nlegitimidade&nbsp; e atenta contra os direitos\nhumanos fundamentais das 52 fam\u00edlias camponesas que h\u00e1 quase 20 anos d\u00e3o fun\u00e7\u00e3o\nsocial \u00e0 propriedade e l\u00e1 constituem uma Comunidade Camponesa produzindo para o\nsustento pr\u00f3prio e tamb\u00e9m do povo da cidade de Mirav\u00e2nia, inclusive. <\/p>\n\n\n\n<p>As fam\u00edlias clamam por justi\u00e7a! A situa\u00e7\u00e3o \u00e9\npreocupante e bastante tensa. As fam\u00edlias v\u00eam recebendo o apoio da Liga\nCamponesa dos Pobres do Norte de Minas e Sul da Bahia. E contam tamb\u00e9m com o\napoio da Comiss\u00e3o Pastoral da Terra.<\/p>\n\n\n\n<p><strong>Assinam\nesta Nota:<\/strong><\/p>\n\n\n\n<p>Associa\u00e7\u00e3o\ndos Pequenos Produtores do Projeto de Assentamento Olaria Barra do Mirador;<\/p>\n\n\n\n<p>Comiss\u00e3o\nPastoral da Terra (CPT\/MG).<\/p>\n\n\n\n<p>Belo Horizonte, MG, 05 de junho de 2019.<\/p>\n","protected":false},"excerpt":{"rendered":"<p>Urgente! Despejo de Ocupa\u00e7\u00e3o camponesa de 19 anos em Mirav\u00e2nia no norte de Minas Gerais. Injusti\u00e7a e viol\u00eancia que clamam aos c\u00e9us! Hoje, dia 9 de julho de 2019, \u00e0s 8h00 na Ocupa\u00e7\u00e3o-comunidade Olaria Barra do Mirador, com 52 fam\u00edlias h\u00e1 19 anos \u2013 comunidade francamente consolidada &#8211; ocupando a Fazenda Japor\u00e9 no munic\u00edpio de&#8230;<\/p>\n","protected":false},"author":8,"featured_media":6365,"comment_status":"open","ping_status":"open","sticky":false,"template":"","format":"standard","meta":{"_acf_changed":false,"footnotes":""},"categories":[72,54,51,56,67],"tags":[],"class_list":["post-6364","post","type-post","status-publish","format-standard","has-post-thumbnail","hentry","category-direito-a-terra","category-direitos-humanos","category-luta-pela-terra-e-reforma-agraria","category-movimentos-sociais-populares","category-pedagogia-emanticipatoria"],"acf":[],"_links":{"self":[{"href":"https:\/\/www.cptmg.org.br\/portal\/wp-json\/wp\/v2\/posts\/6364","targetHints":{"allow":["GET"]}}],"collection":[{"href":"https:\/\/www.cptmg.org.br\/portal\/wp-json\/wp\/v2\/posts"}],"about":[{"href":"https:\/\/www.cptmg.org.br\/portal\/wp-json\/wp\/v2\/types\/post"}],"author":[{"embeddable":true,"href":"https:\/\/www.cptmg.org.br\/portal\/wp-json\/wp\/v2\/users\/8"}],"replies":[{"embeddable":true,"href":"https:\/\/www.cptmg.org.br\/portal\/wp-json\/wp\/v2\/comments?post=6364"}],"version-history":[{"count":0,"href":"https:\/\/www.cptmg.org.br\/portal\/wp-json\/wp\/v2\/posts\/6364\/revisions"}],"wp:featuredmedia":[{"embeddable":true,"href":"https:\/\/www.cptmg.org.br\/portal\/wp-json\/wp\/v2\/media\/6365"}],"wp:attachment":[{"href":"https:\/\/www.cptmg.org.br\/portal\/wp-json\/wp\/v2\/media?parent=6364"}],"wp:term":[{"taxonomy":"category","embeddable":true,"href":"https:\/\/www.cptmg.org.br\/portal\/wp-json\/wp\/v2\/categories?post=6364"},{"taxonomy":"post_tag","embeddable":true,"href":"https:\/\/www.cptmg.org.br\/portal\/wp-json\/wp\/v2\/tags?post=6364"}],"curies":[{"name":"wp","href":"https:\/\/api.w.org\/{rel}","templated":true}]}}