{"id":5647,"date":"2018-09-05T13:28:28","date_gmt":"2018-09-05T13:28:28","guid":{"rendered":"https:\/\/www.cptmg.org.br\/portal\/nota-do-povo-indigena-puri-sobre-o-incendio-no-museu-nacional-ufrj\/"},"modified":"2025-01-31T15:42:50","modified_gmt":"2025-01-31T15:42:50","slug":"nota-do-povo-indigena-puri-sobre-o-incendio-no-museu-nacional-ufrj","status":"publish","type":"post","link":"https:\/\/www.cptmg.org.br\/portal\/nota-do-povo-indigena-puri-sobre-o-incendio-no-museu-nacional-ufrj\/","title":{"rendered":"NOTA DO POVO IND\u00cdGENA PURI SOBRE O INC\u00caNDIO NO MUSEU NACIONAL &#8211; UFRJ\u00a0"},"content":{"rendered":"<p><strong>NOTA DO POVO IND\u00cdGENA PURI SOBRE O INC\u00caNDIO NO MUSEU NACIONAL &#8211; UFRJ\u00a0<\/strong><\/p>\n<figure id=\"attachment_1796\" aria-describedby=\"caption-attachment-1796\" style=\"width: 300px\" class=\"wp-caption alignleft\"><img loading=\"lazy\" decoding=\"async\" class=\"wp-image-1796 size-medium\" src=\"http:\/\/www.cptmg.org.br\/portal\/wp-content\/uploads\/2018\/09\/Inc\u00eandio-no-museu-300x169.jpeg\" alt=\"\" width=\"300\" height=\"169\" \/><figcaption id=\"caption-attachment-1796\" class=\"wp-caption-text\">Foto: BBC News Brasil.<\/figcaption><\/figure>\n<p style=\"text-align: justify;\">N\u00f3s, ind\u00edgenas remanescentes da etnia Puri, queremos manifestar publicamente nossa dor e indigna\u00e7\u00e3o pelo inc\u00eandio do Museu Nacional, ocorrido na noite do \u00faltimo domingo, dia 02 de setembro de 2018;<\/p>\n<p style=\"text-align: justify;\">Por toda a perda de incont\u00e1veis pe\u00e7as e documentos de inigual\u00e1vel valor hist\u00f3rico, arqueol\u00f3gico, antropol\u00f3gico e cultural.<\/p>\n<p style=\"text-align: justify;\">Por toda a Hist\u00f3ria e mem\u00f3ria incineradas.<\/p>\n<p style=\"text-align: justify;\">Por todas as narrativas que se perderam pra sempre.<\/p>\n<p style=\"text-align: justify;\">Entre as \u00e1reas nas quais a institui\u00e7\u00e3o \u00e9 importante refer\u00eancia, destacamos a Antropologia e a Lingu\u00edstica; pesquisas de valor inestim\u00e1vel foram e vinham sendo desenvolvidas nessas \u00e1reas, a partir do incompar\u00e1vel acervo que continha registros hist\u00f3ricos, antropol\u00f3gicos e lingu\u00edsticos datando desde o s\u00e9culo XVI, acerca dos povos que ocupavam territ\u00f3rios que atualmente correspondem ao Brasil.\u00a0Estudos realizados inclusive por estudantes ind\u00edgenas, com resultados necess\u00e1rios e positivos na vida e na garantia de direitos dessas comunidades \u00e9tnicas \u2013 entre eles a demarca\u00e7\u00e3o de terras.<\/p>\n<p style=\"text-align: justify;\">A destrui\u00e7\u00e3o do acervo da institui\u00e7\u00e3o \u00e9 um duro golpe contra a educa\u00e7\u00e3o, a cultura e a pesquisa cient\u00edfica neste pa\u00eds; a n\u00f3s ind\u00edgenas, reflete como uma continuidade da destrui\u00e7\u00e3o empreendida contra n\u00f3s e a tudo que se relaciona \u00e0 nossa gente h\u00e1 518 anos.<\/p>\n<p style=\"text-align: justify;\">Entre as irrepar\u00e1veis perdas ocorridas nessa trag\u00e9dia est\u00e3o o arquivo Curt Nimuendaju, contendo o original do mapa \u00e9tnico-hist\u00f3rico-lingu\u00edstico com a localiza\u00e7\u00e3o de todas as etnias do Brasil datado de 1945; registros \u00fanicos de hist\u00f3ria, cultura e cosmovis\u00e3o de muitos povos ind\u00edgenas; registros \u00fanicos da l\u00edngua de nosso povo Puri e outros.\u00a0Isso soa como o terceiro ato de uma \u00f3pera de destrui\u00e7\u00e3o que come\u00e7ou com o genoc\u00eddio dos falantes dessas l\u00ednguas, e foi seguido pela proibi\u00e7\u00e3o de que os poucos sobreviventes as falassem, as mantivessem vivas; agora assistimos as chamas consumirem os registros dessas l\u00ednguas, que em alguns casos \u00e9 a \u00fanica coisa que restou de povos j\u00e1 extintos. Agora apagados de vez da Hist\u00f3ria.<\/p>\n<p style=\"text-align: justify;\">Na contram\u00e3o da tentativa de aniquila\u00e7\u00e3o do nosso povo, n\u00f3s Puris, que oficialmente estamos listados pela FUNAI como etnia extinta, lutamos para reestruturar nossa cultura, v\u00edtima do etnoc\u00eddio perpetrado pelo Estado Brasileiro, e nessa luta a retomada da l\u00edngua tem um papel basilar.<\/p>\n<p style=\"text-align: justify;\">Para uma l\u00edngua como a nossa, proibida, interrompida por um espa\u00e7o de tempo, a pesquisa dos registros de nossa l\u00edngua ancestral, \u00e9 fundamental para que se empreenda a revitaliza\u00e7\u00e3o do idioma.<\/p>\n<p style=\"text-align: justify;\">Uma das principais bases da pesquisa que n\u00f3s Puris vimos realizando sobre a l\u00edngua na \u00faltima d\u00e9cada vem do acervo de Curt Nimuendaj\u00fa, etn\u00f3logo alem\u00e3o que percorreu terras ind\u00edgenas brasileiras por mais de quarenta anos, legando registros de valor incalcul\u00e1vel; esse legado foi transformado em cinzas.<\/p>\n<p style=\"text-align: justify;\">Enquanto alguns de n\u00f3s, presentes no momento do inc\u00eandio, assist\u00edamos impotentes \u00e0 destrui\u00e7\u00e3o do Museu Nacional e toda a Hist\u00f3ria e mem\u00f3ria que ele abrigou, uma Puri levava as m\u00e3os \u00e0 cabe\u00e7a num gesto de incredulidade, e pranteava pelas urnas funer\u00e1rias ind\u00edgenas que estavam sendo destru\u00eddas pelas chamas:<\/p>\n<p style=\"text-align: justify;\">\u201cNos negligenciam e nos destroem em vida e ainda depois de mortos.\u201d<\/p>\n<p>Restos mortais de nossos ancestrais, retirados de seus locais de origem dos ritos funer\u00e1rios, profanados, por fim incinerados pelo desprezo do Estado Brasileiro.<\/p>\n<p style=\"text-align: justify;\">Solidarizamo-nos com a indigna\u00e7\u00e3o dos funcion\u00e1rios do museu que bradavam inconformados com a chegada tardia do 1\u00ba caminh\u00e3o pipa dos bombeiros, somente ap\u00f3s toda uma grande parte do pr\u00e9dio, antes intacta, j\u00e1 ter sido devastada pelas chamas.<\/p>\n<p style=\"text-align: justify;\">Solidarizamo-nos com a indigna\u00e7\u00e3o da comunidade cient\u00edfica frente ao descaso dos governantes, que independentemente de siglas e orienta\u00e7\u00f5es ideol\u00f3gicas foram omissos, ao longo de v\u00e1rios anos, frente ao desmonte de um dos mais importantes espa\u00e7os de conhecimento do Pa\u00eds, que h\u00e1 14 anos j\u00e1 vinha expondo sua precariedade, que desde 2014 n\u00e3o recebia o repasse de verba necess\u00e1rio \u00e0 sua manuten\u00e7\u00e3o, que em 2015 chegou a fechar as portas e este ano recorreu a uma \u201cvaquinha virtual\u201d para arrecadar recursos ao seu pleno funcionamento.<\/p>\n<p style=\"text-align: justify;\">Nos solidarizamos com v\u00e1rios cidad\u00e3os e cidad\u00e3s deste pa\u00eds, que tamb\u00e9m amargam a ang\u00fastia da impot\u00eancia diante dos desmandos de seus dirigentes e supostas elites, aos quais importam investimentos mais rent\u00e1veis \u00e0s empreiteiras e aos donos do capital.<\/p>\n<p style=\"text-align: justify;\">Solidarizamo-nos com todos os enlutados pelo nosso passado e nosso futuro.<\/p>\n<p style=\"text-align: justify;\">Desejamos que aqueles e aquelas com quem nos solidarizamos sejam igualmente solid\u00e1rios \u00e0 dor ind\u00edgena diante daquelas chamas:<br \/>\nelas nos lembram as armas de fogo usadas no assalto \u00e0 nossa terra e vida;\u00a0elas nos lembram os inc\u00eandios de aldeias, que assolaram nossos povos;\u00a0 elas nos lembram o destino de nossas florestas, que foram nosso lar e alimento durante s\u00e9culos;\u00a0elas nos lembram das nossas crian\u00e7as e parentes queimados vivos ainda hoje;\u00a0elas nos fazem concluir que a sanha destruidora que nos assola h\u00e1 cinco s\u00e9culos permanece viva.<\/p>\n<p style=\"text-align: justify;\">Rio de Janeiro, 04\/09\/2018.<\/p>\n<p style=\"text-align: justify;\"><strong>Assina essa Nota:<\/strong><\/p>\n<p style=\"text-align: justify;\">Associa\u00e7\u00e3o Regional da Comunidade Remanescente de \u00cdndios Puris Padre Brito<\/p>\n<p style=\"text-align: justify;\">Grupo de Estudos Ind\u00edgenas Povos Origin\u00e1rios<\/p>\n<p style=\"text-align: justify;\">Movimento de Ressurg\u00eancia Puri<\/p>\n<p style=\"text-align: justify;\">Movimento Resist\u00eancia Puri<\/p>\n<p style=\"text-align: justify;\">Movimento Txemim Puri<\/p>\n<p style=\"text-align: justify;\"><strong>Obs<\/strong>.: Duas Notas necess\u00e1rias tamb\u00e9m, abaixo.<\/p>\n<p><a href=\"http:\/\/www.portal.abant.org.br\/2018\/09\/03\/nota-da-associacao-brasileira-de-antropologiaperda-de-acervo-irrecuperavel-aba-em-luto-pelo-museu-nacional\/\">http:\/\/www.portal.abant.org.br\/2018\/09\/03\/nota-da-associacao-brasileira-de-antropologiaperda-de-acervo-irrecuperavel-aba-em-luto-pelo-museu-nacional\/<\/a><\/p>\n<p><a href=\"http:\/\/www.cedefes.org.br\/nota-da-sociedade-de-arqueologia-brasileira-sobre-o-incendio-no-museu-nacional\/\">http:\/\/www.cedefes.org.br\/nota-da-sociedade-de-arqueologia-brasileira-sobre-o-incendio-no-museu-nacional\/<\/a><\/p>\n<p>&nbsp;<\/p>\n","protected":false},"excerpt":{"rendered":"<p>NOTA DO POVO IND\u00cdGENA PURI SOBRE O INC\u00caNDIO NO MUSEU NACIONAL &#8211; UFRJ\u00a0 N\u00f3s, ind\u00edgenas remanescentes da etnia Puri, queremos manifestar publicamente nossa dor e indigna\u00e7\u00e3o pelo inc\u00eandio do Museu Nacional, ocorrido na noite do \u00faltimo domingo, dia 02 de setembro de 2018; Por toda a perda de incont\u00e1veis pe\u00e7as e documentos de inigual\u00e1vel valor&#8230;<\/p>\n","protected":false},"author":8,"featured_media":5648,"comment_status":"open","ping_status":"open","sticky":false,"template":"","format":"standard","meta":{"_acf_changed":false,"footnotes":""},"categories":[54,66,59],"tags":[],"class_list":["post-5647","post","type-post","status-publish","format-standard","has-post-thumbnail","hentry","category-direitos-humanos","category-memoria","category-nota-publica"],"acf":[],"_links":{"self":[{"href":"https:\/\/www.cptmg.org.br\/portal\/wp-json\/wp\/v2\/posts\/5647","targetHints":{"allow":["GET"]}}],"collection":[{"href":"https:\/\/www.cptmg.org.br\/portal\/wp-json\/wp\/v2\/posts"}],"about":[{"href":"https:\/\/www.cptmg.org.br\/portal\/wp-json\/wp\/v2\/types\/post"}],"author":[{"embeddable":true,"href":"https:\/\/www.cptmg.org.br\/portal\/wp-json\/wp\/v2\/users\/8"}],"replies":[{"embeddable":true,"href":"https:\/\/www.cptmg.org.br\/portal\/wp-json\/wp\/v2\/comments?post=5647"}],"version-history":[{"count":0,"href":"https:\/\/www.cptmg.org.br\/portal\/wp-json\/wp\/v2\/posts\/5647\/revisions"}],"wp:featuredmedia":[{"embeddable":true,"href":"https:\/\/www.cptmg.org.br\/portal\/wp-json\/wp\/v2\/media\/5648"}],"wp:attachment":[{"href":"https:\/\/www.cptmg.org.br\/portal\/wp-json\/wp\/v2\/media?parent=5647"}],"wp:term":[{"taxonomy":"category","embeddable":true,"href":"https:\/\/www.cptmg.org.br\/portal\/wp-json\/wp\/v2\/categories?post=5647"},{"taxonomy":"post_tag","embeddable":true,"href":"https:\/\/www.cptmg.org.br\/portal\/wp-json\/wp\/v2\/tags?post=5647"}],"curies":[{"name":"wp","href":"https:\/\/api.w.org\/{rel}","templated":true}]}}