{"id":5580,"date":"2018-08-14T16:33:57","date_gmt":"2018-08-14T16:33:57","guid":{"rendered":"https:\/\/www.cptmg.org.br\/portal\/o-que-seria-sustentabilidade-hidrica\/"},"modified":"2025-01-31T15:42:49","modified_gmt":"2025-01-31T15:42:49","slug":"o-que-seria-sustentabilidade-hidrica","status":"publish","type":"post","link":"https:\/\/www.cptmg.org.br\/portal\/o-que-seria-sustentabilidade-hidrica\/","title":{"rendered":"O que seria sustentabilidade h\u00eddrica?"},"content":{"rendered":"<p>A reflex\u00e3o sobre a crise h\u00eddrica e suas poss\u00edveis solu\u00e7\u00f5es \u00e9 tema desse artigo e auxilia a todos interessados na preserva\u00e7\u00e3o e acesso a esse bem comum, a pensar sobre o tema, 14\/08\/2018<\/p>\n<p style=\"text-align: justify\"><img loading=\"lazy\" decoding=\"async\" class=\"size-medium wp-image-1615 alignleft\" src=\"http:\/\/www.cptmg.org.br\/portal\/wp-content\/uploads\/2018\/08\/20180814-piri-1-300x225.jpg\" alt=\"\" width=\"300\" height=\"225\" \/><strong>O que seria sustentabilidade h\u00eddrica? artigo de Roberto Naime<\/strong><\/p>\n<p style=\"text-align: justify\">Recursos H\u00eddricos, Sustentabilidade<\/p>\n<p style=\"text-align: justify\">[<a href=\"https:\/\/www.ecodebate.com.br\/2018\/08\/14\/o-que-seria-sustentabilidade-hidrica-artigo-de-roberto-naime\/\"><strong>EcoDebate<\/strong><\/a>] Esta proposi\u00e7\u00e3o pode gerar situa\u00e7\u00e3o de extrema complexidade sist\u00eamica ou produzir reflex\u00e3o simpl\u00f3ria. Sustentabilidade h\u00eddrica seria a busca de uma situa\u00e7\u00e3o de equil\u00edbrio entre as disponibilidades de obten\u00e7\u00e3o de recursos h\u00eddricos e as demandas geradas pelas necessidades de toda natureza, inclu\u00eddas a dessedenta\u00e7\u00e3o humana e animal e tamb\u00e9m processamentos agr\u00edcolas e industriais em geral. Em contexto de racionaliza\u00e7\u00e3o que evite desperd\u00edcios no transporte e consumo, e que busquem tratar da \u00e1gua como recurso natural, que pode ser finito em determinadas circunst\u00e2ncias, e que tamb\u00e9m evitem a mercantiliza\u00e7\u00e3o ou mera precifica\u00e7\u00e3o.<\/p>\n<p style=\"text-align: justify\">Evidentemente que est\u00e1 \u00e9 uma reflex\u00e3o que leva para o caminho da simplifica\u00e7\u00e3o, mas guarda a maior parte dos fatores que devem ser considerados, numa abordagem sist\u00eamica e isenta. E traz uma constata\u00e7\u00e3o que de alguma forma deve ser enfrentada. As disponibilidades apresentadas pelos ciclos da natureza, mesmo para os recursos naturais que podem ser considerados renov\u00e1veis, exibem suas limita\u00e7\u00f5es. Se a velocidade de recomposi\u00e7\u00e3o dos recursos naturais for menor que as demandas de consumo, isto, de alguma forma, induz \u00e0 ideia de que em algum momento se dever\u00e1 refletir sobre os limites populacionais vi\u00e1veis para o planeta. O que n\u00e3o isenta a tomada de consci\u00eancia, atrav\u00e9s de mecanismos permanentes de educa\u00e7\u00e3o ambiental e de ado\u00e7\u00e3o de atitudes comportamentais preservacionistas ou respons\u00e1veis.<\/p>\n<p style=\"text-align: justify\">N\u00e3o h\u00e1, e n\u00e3o haver\u00e1 nunca mais, disponibilidades geradas por interven\u00e7\u00f5es antr\u00f3picas ou naturais, que gerem possibilidades de desperd\u00edcios, induzidas por sensa\u00e7\u00f5es de abund\u00e2ncia, que favore\u00e7am situa\u00e7\u00f5es de desperd\u00edcio. E isto n\u00e3o pode ser visto como uma limita\u00e7\u00e3o, e sim como um desafio que busca compatibilizar de forma adequada, e em condi\u00e7\u00f5es de equil\u00edbrio, as disponibilidades de recursos naturais com as demandas diretas e indiretas dos processos civilizat\u00f3rios humanos.<\/p>\n<p style=\"text-align: justify\">N\u00e3o \u00e9 o tratamento dos recursos naturais como meros produtos a sofrerem maiores ou menores precifica\u00e7\u00f5es que vai resolver as quest\u00f5es. \u00c9 necess\u00e1ria sensibiliza\u00e7\u00e3o geral para novas tipologias de valora\u00e7\u00e3o da vida, conscientiza\u00e7\u00e3o para atitudes permanentemente respons\u00e1veis e integradas em pol\u00edticas p\u00fablicas abrangentes, e ent\u00e3o sim, o uso de mecanismos de precifica\u00e7\u00e3o indutores de comportamentos. Que venham associados com pol\u00edticas p\u00fablicas que subsidiem ou garantam atrav\u00e9s de mecanismo diverso, o acesso das popula\u00e7\u00f5es de mais baixa renda ou vulnerabilizadas, aos bens necess\u00e1rios para uma vida digna, entre os mesmos, os recursos h\u00eddricos.<\/p>\n<p style=\"text-align: justify\">J\u00e1 existem regi\u00f5es no planeta, que h\u00e1 muito s\u00e3o afetadas por car\u00eancias graves de recursos h\u00eddricos, que sustentam muitas situa\u00e7\u00f5es conflituosas. Alguns destes arranjos evoluem para conflitos militares, explicitados ou n\u00e3o. Mesmo no pa\u00eds, h\u00e1 bastante tempo se observam conflitos regionais entre usu\u00e1rios de recursos h\u00eddricos para finalidades diferenciadas.<\/p>\n<p style=\"text-align: justify\">Os mecanismos de cobran\u00e7a ou remunera\u00e7\u00e3o, para os usos de \u00e1gua, tem comprovado que, isoladamente, n\u00e3o trazem solu\u00e7\u00f5es adequadas, nem mesmo no interior das restritas regi\u00f5es geogr\u00e1ficas delimitadas por bacias hidrogr\u00e1ficas. Cada vez mais se constata que \u00e1gua n\u00e3o deve ser tratada como mero produto, e sim como integrante de complexos equil\u00edbrios ecossist\u00eamicos, em situa\u00e7\u00f5es que podem ser diferenciadas e constitu\u00edrem liga\u00e7\u00f5es planet\u00e1rias, explicitadas ou n\u00e3o.<\/p>\n<p style=\"text-align: justify\">Embora mecanismos de precifica\u00e7\u00e3o possam integrar pol\u00edticas p\u00fablicas multifacetadas, est\u00e1, cada vez, mais claro que aumentar ou diminuir os pre\u00e7os dos bens, isoladamente, atende \u00e0s demandas de mercado, mas n\u00e3o parece ser um procedimento ecossist\u00eamico vi\u00e1vel que atinja objetivos concretos em sociedades humanas cada vez mais complexas. Ou em caracteres ecol\u00f3gicos, que comprovadamente n\u00e3o s\u00e3o regidos por diretrizes mercadol\u00f3gicas ou de expectativas em geral.<\/p>\n<p style=\"text-align: justify\">Praticar gesto de dessedenta\u00e7\u00e3o, determinar equil\u00edbrio num ecossistema, atender demandas agr\u00edcolas por irriga\u00e7\u00e3o ou necessidades industriais de consumo de recursos h\u00eddricos, atendem a interesses diferenciados. E sua compatibiliza\u00e7\u00e3o adequada certamente demanda pol\u00edticas p\u00fablicas continuadas e compensat\u00f3rias quando necess\u00e1rio. Pre\u00e7os podem integrar este card\u00e1pio, mas n\u00e3o isoladamente.<\/p>\n<p style=\"text-align: justify\">No entanto, a pura e simples interven\u00e7\u00e3o antr\u00f3pica, atrav\u00e9s de obras de engenharia, ainda que preventivas, aumentando a disponibilidade de recursos h\u00eddricos, n\u00e3o configura de forma isolada sustentabilidade. Desconectada de a\u00e7\u00f5es sist\u00eamicas de educa\u00e7\u00e3o ambiental, podem ser apenas est\u00edmulo para os desperd\u00edcios de recursos naturais, especificamente de \u00e1gua, que se verificam. Interven\u00e7\u00f5es antr\u00f3picas s\u00e3o bem vindas quando inseridas em programas que incluem reflorestamento, recomposi\u00e7\u00e3o das condi\u00e7\u00f5es ecossist\u00eamicas, prote\u00e7\u00e3o e recupera\u00e7\u00e3o de nascentes, e relevante composi\u00e7\u00e3o de par\u00e2metros de educa\u00e7\u00e3o ambiental continuada.<\/p>\n<p style=\"text-align: justify\">Somente em contextos desta natureza, altera\u00e7\u00f5es em par\u00e2metros de precifica\u00e7\u00e3o, ainda que socialmente compensados, podem apresentar resultados relevantes. O que se verifica \u00e9 uma simplifica\u00e7\u00e3o de concep\u00e7\u00f5es. Se procura atribuir a aus\u00eancia de obras, ou a dificuldades burocr\u00e1ticas de licenciamento ambiental de obras, a todas as dificuldades que s\u00e3o enfrentadas, e poucas vezes se consegue compreender o conjunto, de a\u00e7\u00f5es sist\u00eamicas coordenadas, que em conjunto n\u00e3o deixa de constituir realidade complexa.<\/p>\n<p style=\"text-align: justify\">A crise h\u00eddrica, com seus reflexos sobre o abastecimento de \u00e1gua e a gera\u00e7\u00e3o de energia, veio consolidar uma nova realidade, que exige nova postura coletiva no tratamento pr\u00e1tico e te\u00f3rico da quest\u00e3o, exigindo nova e permanente postura de esclarecimento e sensibiliza\u00e7\u00e3o de todos os agentes interessados e atuantes na sociedade, sem exce\u00e7\u00f5es. Sem estigmatizar solu\u00e7\u00f5es, o fato \u00e9 que estamos testemunhando uma modifica\u00e7\u00e3o paradigm\u00e1tica para um novo cen\u00e1rio, que \u00e9 muito mais profunda e significativa do que se pode avaliar.<\/p>\n<p style=\"text-align: justify\">Envolve vis\u00f5es e concep\u00e7\u00f5es, que se diluem em aspectos multifatoriais e inter-relacionadas de muito maior profundidade e dimensionamento. Que somente em futuro ainda n\u00e3o mensurado, se poder\u00e1 avaliar em toda sua extens\u00e3o.<\/p>\n<p style=\"text-align: justify\"><em>Dr.\u00a0<a href=\"https:\/\/www.ecodebate.com.br\/?s=roberto+naime\">Roberto Naime<\/a>, Colunista do Portal EcoDebate, \u00e9 Doutor em Geologia Ambiental. Integrante do corpo Docente do Mestrado e Doutorado em Qualidade Ambiental da Universidade Feevale.<\/em><\/p>\n<p style=\"text-align: justify\"><strong>Sugest\u00e3o de leitura<\/strong>: Civiliza\u00e7\u00e3o Instant\u00e2nea ou Felicidade Efervescente numa G\u00f4ndola ou na Tela de um Tablet [EBook Kindle], por Roberto Naime, na\u00a0<strong><a href=\"http:\/\/www.amazon.com.br\/gp\/product\/B00UID2NI6?*Version*=1&amp;*entries*=0\">Amazon<\/a><\/strong>.<\/p>\n<p style=\"text-align: justify\">in\u00a0<a href=\"https:\/\/www.ecodebate.com.br\/2018\/08\/14\/o-que-seria-sustentabilidade-hidrica-artigo-de-roberto-naime\/\">EcoDebate<\/a>, ISSN 2446-9394, 14\/08\/2018<\/p>\n<p style=\"text-align: justify\"><a href=\"http:\/\/Fonte: https:\/\/www.ecodebate.com.br\/2018\/08\/14\/o-que-seria-sustentabilidade-hidrica-artigo-de-roberto-naime\/\">Fonte: https:\/\/www.ecodebate.com.br\/2018\/08\/14\/o-que-seria-sustentabilidade-hidrica-artigo-de-roberto-naime\/<\/a><\/p>\n","protected":false},"excerpt":{"rendered":"<p>A reflex\u00e3o sobre a crise h\u00eddrica e suas poss\u00edveis solu\u00e7\u00f5es \u00e9 tema desse artigo e auxilia a todos interessados na preserva\u00e7\u00e3o e acesso a esse bem comum, a pensar sobre o tema, 14\/08\/2018 O que seria sustentabilidade h\u00eddrica? artigo de Roberto Naime Recursos H\u00eddricos, Sustentabilidade [EcoDebate] Esta proposi\u00e7\u00e3o pode gerar situa\u00e7\u00e3o de extrema complexidade sist\u00eamica&#8230;<\/p>\n","protected":false},"author":6,"featured_media":0,"comment_status":"open","ping_status":"open","sticky":false,"template":"","format":"standard","meta":{"_acf_changed":false,"footnotes":""},"categories":[50],"tags":[],"class_list":["post-5580","post","type-post","status-publish","format-standard","hentry","category-artigo"],"acf":[],"_links":{"self":[{"href":"https:\/\/www.cptmg.org.br\/portal\/wp-json\/wp\/v2\/posts\/5580","targetHints":{"allow":["GET"]}}],"collection":[{"href":"https:\/\/www.cptmg.org.br\/portal\/wp-json\/wp\/v2\/posts"}],"about":[{"href":"https:\/\/www.cptmg.org.br\/portal\/wp-json\/wp\/v2\/types\/post"}],"author":[{"embeddable":true,"href":"https:\/\/www.cptmg.org.br\/portal\/wp-json\/wp\/v2\/users\/6"}],"replies":[{"embeddable":true,"href":"https:\/\/www.cptmg.org.br\/portal\/wp-json\/wp\/v2\/comments?post=5580"}],"version-history":[{"count":0,"href":"https:\/\/www.cptmg.org.br\/portal\/wp-json\/wp\/v2\/posts\/5580\/revisions"}],"wp:attachment":[{"href":"https:\/\/www.cptmg.org.br\/portal\/wp-json\/wp\/v2\/media?parent=5580"}],"wp:term":[{"taxonomy":"category","embeddable":true,"href":"https:\/\/www.cptmg.org.br\/portal\/wp-json\/wp\/v2\/categories?post=5580"},{"taxonomy":"post_tag","embeddable":true,"href":"https:\/\/www.cptmg.org.br\/portal\/wp-json\/wp\/v2\/tags?post=5580"}],"curies":[{"name":"wp","href":"https:\/\/api.w.org\/{rel}","templated":true}]}}