{"id":5378,"date":"2018-06-01T10:08:42","date_gmt":"2018-06-01T10:08:42","guid":{"rendered":"https:\/\/www.cptmg.org.br\/portal\/comunidade-cigana-do-sao-pedro-em-ibirite-mg-recebe-apoio-de-diversos-movimentos-sociais-e-instituicoes-publicas\/"},"modified":"2025-01-31T15:42:45","modified_gmt":"2025-01-31T15:42:45","slug":"comunidade-cigana-do-sao-pedro-em-ibirite-mg-recebe-apoio-de-diversos-movimentos-sociais-e-instituicoes-publicas","status":"publish","type":"post","link":"https:\/\/www.cptmg.org.br\/portal\/comunidade-cigana-do-sao-pedro-em-ibirite-mg-recebe-apoio-de-diversos-movimentos-sociais-e-instituicoes-publicas\/","title":{"rendered":"COMUNIDADE CIGANA DO S\u00c3O PEDRO, EM IBIRIT\u00c9, MG, RECEBE APOIO DE DIVERSOS MOVIMENTOS SOCIAIS E INSTITUI\u00c7\u00d5ES P\u00daBLICAS"},"content":{"rendered":"<p style=\"text-align: justify;\"><strong>COMUNIDADE CIGANA DO S\u00c3O PEDRO, EM IBIRIT\u00c9, MG, RECEBE APOIO DE DIVERSOS MOVIMENTOS SOCIAIS E INSTITUI\u00c7\u00d5ES P\u00daBLICAS<\/strong><\/p>\n<p><img loading=\"lazy\" decoding=\"async\" class=\"size-medium wp-image-937 alignleft\" src=\"http:\/\/www.cptmg.org.br\/portal\/wp-content\/uploads\/2018\/06\/Maio-Cigano-no-CEDEFES-30-5-2018-300x225.jpg\" alt=\"\" width=\"300\" height=\"225\" \/><\/p>\n<p style=\"text-align: justify;\">Sob amea\u00e7a de despejo, a comunidade de ciganos e ciganas do bairro S\u00e3o Pedro, em Ibirit\u00e9, regi\u00e3o metropolitana de Belo Horizonte, MG, est\u00e1 ficando fortalecida na luta contra o despejo e a viola\u00e7\u00e3o de seus direitos fundamentais que a Prefeitura de Ibirit\u00e9, por meio de seu prefeito William Parreira (PTC) vem tentando promover com decis\u00e3o judicial do Ju\u00edzo da 1\u00aa\u00a0 Vara C\u00edvel de Ibirit\u00e9 e Pol\u00edcia Militar de Minas Gerais.<\/p>\n<p style=\"text-align: justify;\">A comunidade cigana do bairro S\u00e3o Pedro existe\u00a0h\u00e1 mais de sete anos na cidade de Ibirit\u00e9. Entretanto, essa comunidade cigana est\u00e1 amea\u00e7ada de despejo em raz\u00e3o de decis\u00e3o do Ju\u00edzo da 1\u00aa\u00a0 Vara C\u00edvel de Ibirit\u00e9, que, a partir de pedido do Prefeito William Parreira, determinou a realiza\u00e7\u00e3o do despejo com o uso de for\u00e7a da PM-MG, sem qualquer alternativa digna e pr\u00e9via \u00e0s fam\u00edlias que h\u00e1 anos transformaram a \u00e1rea de um bota fora clandestino em uma bela comunidade tradicional.<\/p>\n<p style=\"text-align: justify;\">Na \u00faltima ter\u00e7a-feira, dia 29 de maio de 2018, por iniciativa do Minist\u00e9rio P\u00fablico Federal (MPF) da \u00e1rea de Direitos Humanos, na pessoa do Dr. Edmundo Ant\u00f4nio Dias Netto J\u00fanior, foi realizada Audi\u00eancia P\u00fablica na Comunidade Cigana do bairro S\u00e3o Gabriel em Belo Horizonte, em raz\u00e3o do m\u00eas de maio ser considerado o m\u00eas dos ciganos e ciganas, por ocasi\u00e3o do Dia Nacional dos Ciganos e Ciganas: dia 24 de maio. A Comunidade Cigana de S\u00e3o Gabriel, em BH, \u00e9 constitu\u00edda por quase 40 fam\u00edlias que j\u00e1 conquistaram seu territ\u00f3rio e, al\u00e9m de suas tendas, j\u00e1 constru\u00edram casas de alvenaria.<\/p>\n<p style=\"text-align: justify;\">Na Audi\u00eancia, movimentos sociais e institui\u00e7\u00f5es presentes manifestaram sua solidariedade e apoio \u00e0 luta da Comunidade Cigana de S\u00e3o Pedro, prometendo cerrar bra\u00e7os na resist\u00eancia ao despejo. Assim se manifestaram a Defensoria P\u00fablica do Estado de Minas Gerais (DPE-MG), a Defensoria P\u00fablica da Uni\u00e3o (DPU), Minist\u00e9rio P\u00fablico Federal (MPF), a Comiss\u00e3o Pastoral da Terra (CPT), o Movimento de Luta nos Bairros, Vilas e Favelas (MLB), o Centro de Documenta\u00e7\u00e3o Eloy Ferreira da Silva (CEDEFES), representante do Conselho Tutelar de Belo Horizonte, antrop\u00f3logos e antrop\u00f3logas, doutorandas sobre os povos ciganos, N\u00facleo de Pr\u00e1tica Jur\u00eddica do Instituto Isabela Hendrix e representa\u00e7\u00e3o da Universidade Estadual de Minas Gerais (UEMG-Unidade de Ibirit\u00e9).<\/p>\n<p style=\"text-align: justify;\">Dia 30 de maio, tamb\u00e9m pelo Maio Cigano, aconteceu na sede do CEDEFES uma tarde inteira de Roda de Conversa sobre a Luta dos Povos Ciganos com o Tema: \u201cDireitos e visibilidade dos Povos Ciganos na Regi\u00e3o Metropolitana de Belo Horizonte \u2013 um debate necess\u00e1rio\u201d. Al\u00e9m do CEDEFES, CPT e Dr. Edmundo Ant\u00f4nio Dias Netto, do Minist\u00e9rio P\u00fablico Federal, participaram dessa Roda de Conversa um integrante do Programa Cidade e Alteridade, da Faculdade de Direito da UFMG; representa\u00e7\u00e3o cigana da Comunidade Cigana do Bairro S\u00e3o Pedro em Ibirit\u00e9, MG; Merong Mongoi\u00f3, vice-cacique do Povo Ind\u00edgenas Kamac\u00e3 Mongoi\u00f3 e outros apoiadores e apoiadoras. Merong se comprometeu a apoiar a causa do Povo Cigano de Ibirit\u00e9.<\/p>\n<p style=\"text-align: justify;\">Cresce a Rede de Apoio \u00e0 Comunidade Cigana de S\u00e3o Pedro na medida da justeza da luta por direitos dessa comunidade. N\u00e3o se pode permitir que despejos sejam resposta dada pelo poder p\u00fablico ao problema de falta de moradia, sobretudo de um povo historicamente violado em seus direitos. Os povos ciganos resistem secularmente com cultura milenar e bel\u00edssima. Mais de 1 milh\u00e3o de ciganos foram mortos nos campos de concentra\u00e7\u00e3o do nazifascismo durante a 2\u00aa Grande Guerra europeia. No Brasil, estima-se a exist\u00eancia de 1 milh\u00e3o de ciganos, cada vez mais encurralados. Entretanto, os povos ciganos est\u00e3o fortalecendo as lutas pelos seus direitos. Uma expressiva Rede de Apoio est\u00e1 se irmanando na luta ao lado dos ciganos.<\/p>\n<p>DESPEJO, N\u00c3O; NEGOCIA\u00c7\u00c3O JUSTA E DIGNA, SIM!<br \/>\nRESISTE, COMUNIDADE S\u00c3O PEDRO!<\/p>\n<p>Mexer com os ciganos \u00e9 mexer com todas as for\u00e7as vivas da sociedade.<\/p>\n<p>Assinam essa Nota P\u00fablica:<\/p>\n<p>Coordena\u00e7\u00e3o da Comunidade Cigana de S\u00e3o Pedro, em Ibirit\u00e9, MG;<\/p>\n<p>CEDEFES (Centro de Documenta\u00e7\u00e3o Eloy Ferreira da Silva);<\/p>\n<p>CPT-RMBH (Comiss\u00e3o Pastoral da Terra);<\/p>\n<p>MLB (Movimento de Luta nos Bairros, Vilas e Favelas);<\/p>\n<p>N\u00facleo de Pr\u00e1tica Jur\u00eddica do Instituto Isabela Hendrix.<\/p>\n<p>Ibirit\u00e9, MG, 1\u00ba de junho de 2018.<\/p>\n<p><img loading=\"lazy\" decoding=\"async\" class=\"alignnone size-medium wp-image-940\" src=\"http:\/\/www.cptmg.org.br\/portal\/wp-content\/uploads\/2018\/06\/IMG_3528-300x225.jpg\" alt=\"\" width=\"300\" height=\"225\" \/> <img loading=\"lazy\" decoding=\"async\" class=\"alignnone size-medium wp-image-941\" src=\"http:\/\/www.cptmg.org.br\/portal\/wp-content\/uploads\/2018\/06\/IMG_3529-300x211.jpg\" alt=\"\" width=\"300\" height=\"211\" \/> <img loading=\"lazy\" decoding=\"async\" class=\"alignnone size-medium wp-image-942\" src=\"http:\/\/www.cptmg.org.br\/portal\/wp-content\/uploads\/2018\/06\/IMG_3532-300x225.jpg\" alt=\"\" width=\"300\" height=\"225\" \/> <img loading=\"lazy\" decoding=\"async\" class=\"alignnone size-medium wp-image-943\" src=\"http:\/\/www.cptmg.org.br\/portal\/wp-content\/uploads\/2018\/06\/IMG_3535-300x225.jpg\" alt=\"\" width=\"300\" height=\"225\" \/> <img loading=\"lazy\" decoding=\"async\" class=\"alignnone size-medium wp-image-944\" src=\"http:\/\/www.cptmg.org.br\/portal\/wp-content\/uploads\/2018\/06\/IMG_3543-300x225.jpg\" alt=\"\" width=\"300\" height=\"225\" \/> <img loading=\"lazy\" decoding=\"async\" class=\"alignnone size-medium wp-image-945\" src=\"http:\/\/www.cptmg.org.br\/portal\/wp-content\/uploads\/2018\/06\/IMG_3547-300x225.jpg\" alt=\"\" width=\"300\" height=\"225\" \/> <img loading=\"lazy\" decoding=\"async\" class=\"alignnone size-medium wp-image-946\" src=\"http:\/\/www.cptmg.org.br\/portal\/wp-content\/uploads\/2018\/06\/IMG_3550-300x225.jpg\" alt=\"\" width=\"300\" height=\"225\" \/> <img loading=\"lazy\" decoding=\"async\" class=\"alignnone size-medium wp-image-947\" src=\"http:\/\/www.cptmg.org.br\/portal\/wp-content\/uploads\/2018\/06\/IMG_3554-300x225.jpg\" alt=\"\" width=\"300\" height=\"225\" \/> <img loading=\"lazy\" decoding=\"async\" class=\"alignnone size-medium wp-image-948\" src=\"http:\/\/www.cptmg.org.br\/portal\/wp-content\/uploads\/2018\/06\/IMG_3555-267x300.jpg\" alt=\"\" width=\"267\" height=\"300\" \/> <img loading=\"lazy\" decoding=\"async\" class=\"alignnone size-medium wp-image-949\" src=\"http:\/\/www.cptmg.org.br\/portal\/wp-content\/uploads\/2018\/06\/IMG_3556-300x225.jpg\" alt=\"\" width=\"300\" height=\"225\" \/> <img loading=\"lazy\" decoding=\"async\" class=\"alignnone size-medium wp-image-950\" src=\"http:\/\/www.cptmg.org.br\/portal\/wp-content\/uploads\/2018\/06\/IMG_3564-300x225.jpg\" alt=\"\" width=\"300\" height=\"225\" \/><\/p>\n","protected":false},"excerpt":{"rendered":"<p>COMUNIDADE CIGANA DO S\u00c3O PEDRO, EM IBIRIT\u00c9, MG, RECEBE APOIO DE DIVERSOS MOVIMENTOS SOCIAIS E INSTITUI\u00c7\u00d5ES P\u00daBLICAS Sob amea\u00e7a de despejo, a comunidade de ciganos e ciganas do bairro S\u00e3o Pedro, em Ibirit\u00e9, regi\u00e3o metropolitana de Belo Horizonte, MG, est\u00e1 ficando fortalecida na luta contra o despejo e a viola\u00e7\u00e3o de seus direitos fundamentais que&#8230;<\/p>\n","protected":false},"author":8,"featured_media":5379,"comment_status":"open","ping_status":"open","sticky":false,"template":"","format":"standard","meta":{"_acf_changed":false,"footnotes":""},"categories":[50],"tags":[],"class_list":["post-5378","post","type-post","status-publish","format-standard","has-post-thumbnail","hentry","category-artigo"],"acf":[],"_links":{"self":[{"href":"https:\/\/www.cptmg.org.br\/portal\/wp-json\/wp\/v2\/posts\/5378","targetHints":{"allow":["GET"]}}],"collection":[{"href":"https:\/\/www.cptmg.org.br\/portal\/wp-json\/wp\/v2\/posts"}],"about":[{"href":"https:\/\/www.cptmg.org.br\/portal\/wp-json\/wp\/v2\/types\/post"}],"author":[{"embeddable":true,"href":"https:\/\/www.cptmg.org.br\/portal\/wp-json\/wp\/v2\/users\/8"}],"replies":[{"embeddable":true,"href":"https:\/\/www.cptmg.org.br\/portal\/wp-json\/wp\/v2\/comments?post=5378"}],"version-history":[{"count":0,"href":"https:\/\/www.cptmg.org.br\/portal\/wp-json\/wp\/v2\/posts\/5378\/revisions"}],"wp:featuredmedia":[{"embeddable":true,"href":"https:\/\/www.cptmg.org.br\/portal\/wp-json\/wp\/v2\/media\/5379"}],"wp:attachment":[{"href":"https:\/\/www.cptmg.org.br\/portal\/wp-json\/wp\/v2\/media?parent=5378"}],"wp:term":[{"taxonomy":"category","embeddable":true,"href":"https:\/\/www.cptmg.org.br\/portal\/wp-json\/wp\/v2\/categories?post=5378"},{"taxonomy":"post_tag","embeddable":true,"href":"https:\/\/www.cptmg.org.br\/portal\/wp-json\/wp\/v2\/tags?post=5378"}],"curies":[{"name":"wp","href":"https:\/\/api.w.org\/{rel}","templated":true}]}}