{"id":5092,"date":"2018-02-25T16:26:13","date_gmt":"2018-02-25T16:26:13","guid":{"rendered":"https:\/\/www.cptmg.org.br\/portal\/xiv-intereclesial-das-cebs-oracao-mistica-do-inicio-do-dia-26-1-2018-cebs-do-nortao-4a-parte\/"},"modified":"2025-01-31T15:42:38","modified_gmt":"2025-01-31T15:42:38","slug":"xiv-intereclesial-das-cebs-oracao-mistica-do-inicio-do-dia-26-1-2018-cebs-do-nortao-4a-parte","status":"publish","type":"post","link":"https:\/\/www.cptmg.org.br\/portal\/xiv-intereclesial-das-cebs-oracao-mistica-do-inicio-do-dia-26-1-2018-cebs-do-nortao-4a-parte\/","title":{"rendered":"XIV Intereclesial das CEBs: ora\u00e7\u00e3o\/M\u00edstica do in\u00edcio do dia 26\/1\/2018 \u2013 CEBs do Nort\u00e3o \u2013 4\u00aa Parte."},"content":{"rendered":"<p><strong>XIV Intereclesial das CEBs: ora\u00e7\u00e3o\/M\u00edstica do in\u00edcio do dia 26\/1\/2018 \u2013 CEBs do Nort\u00e3o \u2013 4\u00aa Parte.<\/strong><\/p>\n<p><img loading=\"lazy\" decoding=\"async\" class=\"size-medium wp-image-91 alignleft\" src=\"http:\/\/www.cptmg.org.br\/portal\/wp-content\/uploads\/2018\/02\/CEBs-do-nort\u00e3o-300x225.jpg\" alt=\"\" width=\"300\" height=\"225\" \/><\/p>\n<p style=\"text-align: justify;\">\u00a0Nas CEBs, a espiritualidade prof\u00e9tica que deve unir f\u00e9 e vida, e ser for\u00e7a que anima a caminhada, que motiva \u00e0 participa\u00e7\u00e3o nas lutas necess\u00e1rias nas cidades e nos campos, por direitos, por cidadania, por liberta\u00e7\u00e3o. Na Ora\u00e7\u00e3o, o canto forte da can\u00e7\u00e3o que encerra a esperan\u00e7a na comunh\u00e3o da terra na diversidade dos seres que s\u00e3o todos iguais na dignidade de filhas e filhos do Deus da Vida.<\/p>\n<p>Filmagem de frei Gilvander Moreira, da CPT, das CEBs e do CEBI. Edi\u00e7\u00e3o de N\u00e1dia Oliveira.<\/p>\n<p>Realiza\u00e7\u00e3o: Equipe de Comunica\u00e7\u00e3o do 14\u00ba Intereclesial. Londrina\/PR, 26\/1\/2018.<\/p>\n<p>Acesse nossas redes sociais e fique por dentro de todos os acontecimentos!<\/p>\n<p>www.facebook.com\/CEBsdoBrasilOficial <a href=\"http:\/\/www.instagram.com\/cebsdobrasil\">www.instagram.com\/cebsdobrasil<\/a><\/p>\n<p><a href=\"http:\/\/www.cebsdobrasil.com.br\">www.cebsdobrasil.com.br<\/a><\/p>\n<p><a href=\"https:\/\/www.youtube.com\/results?search_query=%23cebsdobrasil\">#cebsdobrasil<\/a><\/p>\n<p>Inscreva-se no you tube, no Canal Cebs do Brasil Oficial, no link: <a href=\"https:\/\/www.youtube.com\/channel\/UCl5m\">https:\/\/www.youtube.com\/channel\/UCl5m<\/a>&#8230;<\/p>\n<p>* Inscreva-se no You tube, no Canal Frei Gilvander Luta pela Terra e por Direitos, no link: <a href=\"https:\/\/www.youtube.com\/user\/fgilvander\">https:\/\/www.youtube.com\/user\/fgilvander<\/a> e assista a outros v\u00eddeos de luta por direitos sociais. Se assistir e gostar, compartilhe. Sugerimos.<\/p>\n<p><iframe loading=\"lazy\" title=\"XIV Intereclesial das CEBs: Ora\u00e7\u00e3o\/M\u00edstica Inicial\/26\/1\/2018 \u2013 CEBs do Nort\u00e3o \u2013 4\u00aa Parte\" width=\"640\" height=\"360\" src=\"https:\/\/www.youtube.com\/embed\/-DTYiwao2s8?feature=oembed\" frameborder=\"0\" allow=\"accelerometer; autoplay; clipboard-write; encrypted-media; gyroscope; picture-in-picture; web-share\" referrerpolicy=\"strict-origin-when-cross-origin\" allowfullscreen><\/iframe><\/p>\n","protected":false},"excerpt":{"rendered":"<p>XIV Intereclesial das CEBs: ora\u00e7\u00e3o\/M\u00edstica do in\u00edcio do dia 26\/1\/2018 \u2013 CEBs do Nort\u00e3o \u2013 4\u00aa Parte. \u00a0Nas CEBs, a espiritualidade prof\u00e9tica que deve unir f\u00e9 e vida, e ser for\u00e7a que anima a caminhada, que motiva \u00e0 participa\u00e7\u00e3o nas lutas necess\u00e1rias nas cidades e nos campos, por direitos, por cidadania, por liberta\u00e7\u00e3o. Na Ora\u00e7\u00e3o,&#8230;<\/p>\n","protected":false},"author":8,"featured_media":5093,"comment_status":"open","ping_status":"open","sticky":false,"template":"","format":"standard","meta":{"_acf_changed":false,"footnotes":""},"categories":[48,41,49],"tags":[],"class_list":["post-5092","post","type-post","status-publish","format-standard","has-post-thumbnail","hentry","category-cebs-comunidades-eclesiais-de-base","category-videos","category-videos-de-frei-gilvander"],"acf":[],"_links":{"self":[{"href":"https:\/\/www.cptmg.org.br\/portal\/wp-json\/wp\/v2\/posts\/5092","targetHints":{"allow":["GET"]}}],"collection":[{"href":"https:\/\/www.cptmg.org.br\/portal\/wp-json\/wp\/v2\/posts"}],"about":[{"href":"https:\/\/www.cptmg.org.br\/portal\/wp-json\/wp\/v2\/types\/post"}],"author":[{"embeddable":true,"href":"https:\/\/www.cptmg.org.br\/portal\/wp-json\/wp\/v2\/users\/8"}],"replies":[{"embeddable":true,"href":"https:\/\/www.cptmg.org.br\/portal\/wp-json\/wp\/v2\/comments?post=5092"}],"version-history":[{"count":0,"href":"https:\/\/www.cptmg.org.br\/portal\/wp-json\/wp\/v2\/posts\/5092\/revisions"}],"wp:featuredmedia":[{"embeddable":true,"href":"https:\/\/www.cptmg.org.br\/portal\/wp-json\/wp\/v2\/media\/5093"}],"wp:attachment":[{"href":"https:\/\/www.cptmg.org.br\/portal\/wp-json\/wp\/v2\/media?parent=5092"}],"wp:term":[{"taxonomy":"category","embeddable":true,"href":"https:\/\/www.cptmg.org.br\/portal\/wp-json\/wp\/v2\/categories?post=5092"},{"taxonomy":"post_tag","embeddable":true,"href":"https:\/\/www.cptmg.org.br\/portal\/wp-json\/wp\/v2\/tags?post=5092"}],"curies":[{"name":"wp","href":"https:\/\/api.w.org\/{rel}","templated":true}]}}