{"id":5090,"date":"2018-02-25T09:32:10","date_gmt":"2018-02-25T09:32:10","guid":{"rendered":"https:\/\/www.cptmg.org.br\/portal\/programa-palavra-etica-com-frei-gilvander-moreira-na-tvc-bh\/"},"modified":"2025-01-31T15:42:38","modified_gmt":"2025-01-31T15:42:38","slug":"programa-palavra-etica-com-frei-gilvander-moreira-na-tvc-bh","status":"publish","type":"post","link":"https:\/\/www.cptmg.org.br\/portal\/programa-palavra-etica-com-frei-gilvander-moreira-na-tvc-bh\/","title":{"rendered":"Programa Palavra \u00c9tica com frei Gilvander Moreira, na TVC\/BH"},"content":{"rendered":"<p><strong>Programa Palavra \u00c9tica com frei Gilvander Moreira, na TVC\/BH<\/strong><\/p>\n<p><img loading=\"lazy\" decoding=\"async\" class=\"size-medium wp-image-88 alignleft\" src=\"http:\/\/www.cptmg.org.br\/portal\/wp-content\/uploads\/2018\/02\/Gilvander-na-TVC-no-Emily-Roots-300x169.jpg\" alt=\"\" width=\"300\" height=\"169\" \/><\/p>\n<p style=\"text-align: justify;\">O Programa Palavra \u00c9tica com frei Gilvander Moreira, na TVC\/BH, vai ao ar pela internet &#8211; <a href=\"http:\/\/www.tvcbh.com.br\">www.tvcbh.com.br<\/a> , tamb\u00e9m pelo canal 06 na NET e canal 13 da OI. O Palavra \u00c9tica tem a dura\u00e7\u00e3o de 30 minutos de entrevista ou v\u00eddeos gravados in loco no meio das lutas por direitos sociais.<\/p>\n<p style=\"text-align: justify;\">Cada programa vai ao ar durante 7 dias consecutivos, de s\u00e1bado \u00e0 sexta-feira. Al\u00e9m disso, s\u00e3o disponibilizados no youtube, em v\u00e1rios sites e blogs, al\u00e9m de v\u00e1rias p\u00e1ginas do facebook.<\/p>\n<p>Hor\u00e1rios de apresenta\u00e7\u00e3o e reapresenta\u00e7\u00e3o do Palavra \u00c9tica com frei Gilvander Moreira.<\/p>\n<p><strong>S\u00e1bado<\/strong>, 3 hor\u00e1rios: a partir das 02h00, a partir das 04h30 e a partir das 11h00.<\/p>\n<p><strong>Domingo<\/strong>: a partir das 03h30;<\/p>\n<p><strong>Segunda-feira<\/strong>, 3 hor\u00e1rios: a partir das 01h00, a partir das 06h30 e a partir das 13h30;<\/p>\n<p><strong>Ter\u00e7a-feira<\/strong>: a partir das 02h00;<\/p>\n<p><strong>Quarta-feira<\/strong>, 2 hor\u00e1rios: a\u00a0 partir das 02h30 e a partir da 10h30;<\/p>\n<p><strong>Quinta-feira<\/strong>: a partir das 04h00;<\/p>\n<p><strong>Sexta-feira<\/strong>, 3 hor\u00e1rios: a partir das 03h00, a partir das 06h00 e a partir das 12h30.<\/p>\n<p>Se assistir e gostar, compartilhe. Sugerimos.<\/p>\n<p>Abra\u00e7o terno na luta. Frei Gilvander Moreira \u2013 <a href=\"http:\/\/www.gilvander.org.br\">www.gilvander.org.br<\/a>\u00a0 &#8211; <a href=\"http:\/\/www.freigilvander.blogspot.com.br\">www.freigilvander.blogspot.com.br<\/a> \u2013 no face: Gilvander Moreira III<\/p>\n<p>Eis, abaixo, um dos programas Palavra \u00c9tica com frei Gilvander, na TVC\/BH.<\/p>\n<p><iframe loading=\"lazy\" title=\"Palavra \u00c9tica-TVC BH: 4 anos da Rosa Le\u00e3o, na Izidora, em BH, e clamor por \u00e1gua. 23\/10\/2017\" width=\"640\" height=\"360\" src=\"https:\/\/www.youtube.com\/embed\/NS0ysXfGcWA?feature=oembed\" frameborder=\"0\" allow=\"accelerometer; autoplay; clipboard-write; encrypted-media; gyroscope; picture-in-picture; web-share\" referrerpolicy=\"strict-origin-when-cross-origin\" allowfullscreen><\/iframe><\/p>\n","protected":false},"excerpt":{"rendered":"<p>Programa Palavra \u00c9tica com frei Gilvander Moreira, na TVC\/BH O Programa Palavra \u00c9tica com frei Gilvander Moreira, na TVC\/BH, vai ao ar pela internet &#8211; www.tvcbh.com.br , tamb\u00e9m pelo canal 06 na NET e canal 13 da OI. O Palavra \u00c9tica tem a dura\u00e7\u00e3o de 30 minutos de entrevista ou v\u00eddeos gravados in loco no&#8230;<\/p>\n","protected":false},"author":8,"featured_media":5091,"comment_status":"open","ping_status":"open","sticky":false,"template":"","format":"standard","meta":{"_acf_changed":false,"footnotes":""},"categories":[47,41,49],"tags":[],"class_list":["post-5090","post","type-post","status-publish","format-standard","has-post-thumbnail","hentry","category-ocupacao-urbana","category-videos","category-videos-de-frei-gilvander"],"acf":[],"_links":{"self":[{"href":"https:\/\/www.cptmg.org.br\/portal\/wp-json\/wp\/v2\/posts\/5090","targetHints":{"allow":["GET"]}}],"collection":[{"href":"https:\/\/www.cptmg.org.br\/portal\/wp-json\/wp\/v2\/posts"}],"about":[{"href":"https:\/\/www.cptmg.org.br\/portal\/wp-json\/wp\/v2\/types\/post"}],"author":[{"embeddable":true,"href":"https:\/\/www.cptmg.org.br\/portal\/wp-json\/wp\/v2\/users\/8"}],"replies":[{"embeddable":true,"href":"https:\/\/www.cptmg.org.br\/portal\/wp-json\/wp\/v2\/comments?post=5090"}],"version-history":[{"count":0,"href":"https:\/\/www.cptmg.org.br\/portal\/wp-json\/wp\/v2\/posts\/5090\/revisions"}],"wp:featuredmedia":[{"embeddable":true,"href":"https:\/\/www.cptmg.org.br\/portal\/wp-json\/wp\/v2\/media\/5091"}],"wp:attachment":[{"href":"https:\/\/www.cptmg.org.br\/portal\/wp-json\/wp\/v2\/media?parent=5090"}],"wp:term":[{"taxonomy":"category","embeddable":true,"href":"https:\/\/www.cptmg.org.br\/portal\/wp-json\/wp\/v2\/categories?post=5090"},{"taxonomy":"post_tag","embeddable":true,"href":"https:\/\/www.cptmg.org.br\/portal\/wp-json\/wp\/v2\/tags?post=5090"}],"curies":[{"name":"wp","href":"https:\/\/api.w.org\/{rel}","templated":true}]}}