{"id":5088,"date":"2018-02-25T08:07:40","date_gmt":"2018-02-25T08:07:40","guid":{"rendered":"https:\/\/www.cptmg.org.br\/portal\/xiv-intereclesial-das-cebs-celebracao-dos-martires-e-defensores-da-vida-5a-parte-dia-26-01-2018\/"},"modified":"2025-01-31T15:42:38","modified_gmt":"2025-01-31T15:42:38","slug":"xiv-intereclesial-das-cebs-celebracao-dos-martires-e-defensores-da-vida-5a-parte-dia-26-01-2018","status":"publish","type":"post","link":"https:\/\/www.cptmg.org.br\/portal\/xiv-intereclesial-das-cebs-celebracao-dos-martires-e-defensores-da-vida-5a-parte-dia-26-01-2018\/","title":{"rendered":"XIV Intereclesial das CEBs: celebra\u00e7\u00e3o dos M\u00e1rtires e Defensores da Vida. 5a Parte, dia 26-01-2018."},"content":{"rendered":"<p><strong>XIV Intereclesial das CEBs: celebra\u00e7\u00e3o dos M\u00e1rtires e Defensores da Vida. 5a Parte, dia 26-01-2018.<\/strong><\/p>\n<p><img loading=\"lazy\" decoding=\"async\" class=\"size-medium wp-image-85 alignleft\" src=\"http:\/\/www.cptmg.org.br\/portal\/wp-content\/uploads\/2018\/02\/M\u00e1rtires-3-celebra\u00e7\u00e3o-da-vida-e-dos-defensores-da-vida-no-14o-intereclesial-300x200.jpg\" alt=\"\" width=\"300\" height=\"200\" \/><\/p>\n<p style=\"text-align: justify;\">\u00a0Na Celebra\u00e7\u00e3o dos M\u00e1rtires e Defensores da Vida, a mem\u00f3ria das mulheres e homens que defenderam a liberdade religiosa, contra todo tipo de viol\u00eancia, contra o fundamentalismo, o fanatismo, A participa\u00e7\u00e3o de grande riqueza espiritual e prof\u00e9tica dos irm\u00e3os e irm\u00e3s \u00edndios e \u00edndias, com a energia da vida, trazendo a luz dos M\u00e1rtires e Defensores da Vida, para que sigamos iluminados e energizados por essa luz na luta em defesa da vida, por liberta\u00e7\u00e3o e por justi\u00e7a.<\/p>\n<p style=\"text-align: justify;\">Filmagem de frei Gilvander Moreira, da CPT, das CEBs e do CEBI. Edi\u00e7\u00e3o de N\u00e1dia Oliveira.<\/p>\n<p style=\"text-align: justify;\">Realiza\u00e7\u00e3o: Equipe de Comunica\u00e7\u00e3o do 14\u00ba Intereclesial. Londrina\/PR, 26\/1\/2018.<\/p>\n<p style=\"text-align: justify;\">Acesse nossas redes sociais e fique por dentro de todos os acontecimentos!<\/p>\n<p style=\"text-align: justify;\">www.facebook.com\/CEBsdoBrasilOficial <a href=\"http:\/\/www.instagram.com\/cebsdobrasil\">www.instagram.com\/cebsdobrasil<\/a><\/p>\n<p style=\"text-align: justify;\"><a href=\"http:\/\/www.cebsdobrasil.com.br\">www.cebsdobrasil.com.br<\/a><\/p>\n<p style=\"text-align: justify;\"><a href=\"https:\/\/www.youtube.com\/results?search_query=%23cebsdobrasil\">#cebsdobrasil<\/a><\/p>\n<p style=\"text-align: justify;\">Inscreva-se no you tube, no Canal Cebs do Brasil Oficial, no link: <a href=\"https:\/\/www.youtube.com\/channel\/UCl5m\">https:\/\/www.youtube.com\/channel\/UCl5m<\/a>&#8230;<\/p>\n<p style=\"text-align: justify;\">* Inscreva-se no You tube, no Canal Frei Gilvander Luta pela Terra e por Direitos, no link: <a href=\"https:\/\/www.youtube.com\/user\/fgilvander\">https:\/\/www.youtube.com\/user\/fgilvander<\/a> e assista a outros v\u00eddeos de luta por direitos sociais. Se assistir e gostar, compartilhe. Sugerimos.<\/p>\n<p><iframe loading=\"lazy\" title=\"XIV Intereclesial das CEBs\/Celebra\u00e7\u00e3o  dos M\u00e1rtires e Defensores da Vida\/5a Parte\/ 26-1-2018\" width=\"640\" height=\"360\" src=\"https:\/\/www.youtube.com\/embed\/kkaVA42gfrg?feature=oembed\" frameborder=\"0\" allow=\"accelerometer; autoplay; clipboard-write; encrypted-media; gyroscope; picture-in-picture; web-share\" referrerpolicy=\"strict-origin-when-cross-origin\" allowfullscreen><\/iframe><\/p>\n","protected":false},"excerpt":{"rendered":"<p>XIV Intereclesial das CEBs: celebra\u00e7\u00e3o dos M\u00e1rtires e Defensores da Vida. 5a Parte, dia 26-01-2018. \u00a0Na Celebra\u00e7\u00e3o dos M\u00e1rtires e Defensores da Vida, a mem\u00f3ria das mulheres e homens que defenderam a liberdade religiosa, contra todo tipo de viol\u00eancia, contra o fundamentalismo, o fanatismo, A participa\u00e7\u00e3o de grande riqueza espiritual e prof\u00e9tica dos irm\u00e3os e&#8230;<\/p>\n","protected":false},"author":8,"featured_media":5089,"comment_status":"open","ping_status":"open","sticky":false,"template":"","format":"standard","meta":{"_acf_changed":false,"footnotes":""},"categories":[48,23,41,49],"tags":[],"class_list":["post-5088","post","type-post","status-publish","format-standard","has-post-thumbnail","hentry","category-cebs-comunidades-eclesiais-de-base","category-noticias","category-videos","category-videos-de-frei-gilvander"],"acf":[],"_links":{"self":[{"href":"https:\/\/www.cptmg.org.br\/portal\/wp-json\/wp\/v2\/posts\/5088","targetHints":{"allow":["GET"]}}],"collection":[{"href":"https:\/\/www.cptmg.org.br\/portal\/wp-json\/wp\/v2\/posts"}],"about":[{"href":"https:\/\/www.cptmg.org.br\/portal\/wp-json\/wp\/v2\/types\/post"}],"author":[{"embeddable":true,"href":"https:\/\/www.cptmg.org.br\/portal\/wp-json\/wp\/v2\/users\/8"}],"replies":[{"embeddable":true,"href":"https:\/\/www.cptmg.org.br\/portal\/wp-json\/wp\/v2\/comments?post=5088"}],"version-history":[{"count":0,"href":"https:\/\/www.cptmg.org.br\/portal\/wp-json\/wp\/v2\/posts\/5088\/revisions"}],"wp:featuredmedia":[{"embeddable":true,"href":"https:\/\/www.cptmg.org.br\/portal\/wp-json\/wp\/v2\/media\/5089"}],"wp:attachment":[{"href":"https:\/\/www.cptmg.org.br\/portal\/wp-json\/wp\/v2\/media?parent=5088"}],"wp:term":[{"taxonomy":"category","embeddable":true,"href":"https:\/\/www.cptmg.org.br\/portal\/wp-json\/wp\/v2\/categories?post=5088"},{"taxonomy":"post_tag","embeddable":true,"href":"https:\/\/www.cptmg.org.br\/portal\/wp-json\/wp\/v2\/tags?post=5088"}],"curies":[{"name":"wp","href":"https:\/\/api.w.org\/{rel}","templated":true}]}}