{"id":5082,"date":"2018-02-24T16:44:38","date_gmt":"2018-02-24T16:44:38","guid":{"rendered":"https:\/\/www.cptmg.org.br\/portal\/ocupacao-vicentao-no-centro-de-belo-horizonte-mg-do-abandono-de-um-predio-a-escuridao-a-luz-da-moradia-libertacao-3a-parte-14-1-2018\/"},"modified":"2025-01-31T15:42:38","modified_gmt":"2025-01-31T15:42:38","slug":"ocupacao-vicentao-no-centro-de-belo-horizonte-mg-do-abandono-de-um-predio-a-escuridao-a-luz-da-moradia-libertacao-3a-parte-14-1-2018","status":"publish","type":"post","link":"https:\/\/www.cptmg.org.br\/portal\/ocupacao-vicentao-no-centro-de-belo-horizonte-mg-do-abandono-de-um-predio-a-escuridao-a-luz-da-moradia-libertacao-3a-parte-14-1-2018\/","title":{"rendered":"Ocupa\u00e7\u00e3o Vicent\u00e3o, no centro de Belo Horizonte, MG: do abandono de um pr\u00e9dio \u00e0 escurid\u00e3o \u00e0 luz da moradia, liberta\u00e7\u00e3o! 3\u00aa Parte, 14\/1\/2018"},"content":{"rendered":"<div class=\"\" data-block=\"true\" data-editor=\"7eiau\" data-offset-key=\"2q3e8-0-0\">\n<div class=\"_1mf _1mj\" data-offset-key=\"2q3e8-0-0\"><strong>Ocupa\u00e7\u00e3o Vicent\u00e3o, no centro de Belo Horizonte, MG: do abandono de um pr\u00e9dio \u00e0 escurid\u00e3o \u00e0 luz da moradia, liberta\u00e7\u00e3o! \u2013 3\u00aa Parte \u2013 14\/1\/2018<\/strong><\/div>\n<div data-offset-key=\"2q3e8-0-0\"><img loading=\"lazy\" decoding=\"async\" class=\"size-medium wp-image-71 alignleft\" src=\"http:\/\/www.cptmg.org.br\/portal\/wp-content\/uploads\/2018\/02\/Ocupa-Vicent\u00e3o-400x533-225x300.jpg\" alt=\"\" width=\"225\" height=\"300\" \/><\/div>\n<\/div>\n<div class=\"\" data-block=\"true\" data-editor=\"7eiau\" data-offset-key=\"4ml2j-0-0\">\n<div class=\"_1mf _1mj\" data-offset-key=\"4ml2j-0-0\"><span data-offset-key=\"4ml2j-0-0\">\u00a0<\/span><\/div>\n<\/div>\n<div class=\"\" data-block=\"true\" data-editor=\"7eiau\" data-offset-key=\"dqr31-0-0\">\n<div class=\"_1mf _1mj\" style=\"text-align: justify;\" data-offset-key=\"dqr31-0-0\"><span data-offset-key=\"dqr31-0-0\">A Ocupa\u00e7\u00e3o Vicent\u00e3o, no Centro de Belo Horizonte, \u00e9 um exemplo de for\u00e7a e uni\u00e3o daqueles que lutam por dias melhores e justos.<\/span><\/div>\n<\/div>\n<div class=\"\" style=\"text-align: justify;\" data-block=\"true\" data-editor=\"7eiau\" data-offset-key=\"4u4mo-0-0\">\n<div class=\"_1mf _1mj\" data-offset-key=\"4u4mo-0-0\"><span data-offset-key=\"4u4mo-0-0\">Nesse v\u00eddeo, a situa\u00e7\u00e3o de abandono em que se encontrava o pr\u00e9dio quando foi ocupado por cerca de 200 fam\u00edlias que ali lutam e resistem pelo direito \u00e0 moradia, ao centro da cidade, ao trabalho, ao lazer, \u00e0 liberta\u00e7\u00e3o da pesad\u00edssima e cruel cruz do aluguel.<\/span><\/div>\n<\/div>\n<div class=\"\" style=\"text-align: justify;\" data-block=\"true\" data-editor=\"7eiau\" data-offset-key=\"pgv-0-0\">\n<div class=\"_1mf _1mj\" data-offset-key=\"pgv-0-0\"><span data-offset-key=\"pgv-0-0\">\u00a0<\/span><\/div>\n<\/div>\n<div class=\"\" style=\"text-align: justify;\" data-block=\"true\" data-editor=\"7eiau\" data-offset-key=\"4v5vu-0-0\">\n<div class=\"_1mf _1mj\" data-offset-key=\"4v5vu-0-0\"><span data-offset-key=\"4v5vu-0-0\">https:\/\/www.facebook.com\/gilvander.moreiraiii.96\/videos\/354831964998245<\/span><\/div>\n<\/div>\n<div class=\"\" style=\"text-align: justify;\" data-block=\"true\" data-editor=\"7eiau\" data-offset-key=\"2mg0r-0-0\">\n<div class=\"_1mf _1mj\" data-offset-key=\"2mg0r-0-0\"><span data-offset-key=\"2mg0r-0-0\">\u00a0<\/span><\/div>\n<\/div>\n<div class=\"\" style=\"text-align: justify;\" data-block=\"true\" data-editor=\"7eiau\" data-offset-key=\"bhfef-0-0\">\n<div class=\"_1mf _1mj\" data-offset-key=\"bhfef-0-0\"><span data-offset-key=\"bhfef-0-0\">*Reportagem de frei Gilvander Moreira, da CPT, das CEBs e do CEBI. Edi\u00e7\u00e3o de N\u00e1dia Oliveira. Belo Horizonte\/MG, 14\/1\/2018.<\/span><\/div>\n<\/div>\n<div class=\"\" style=\"text-align: justify;\" data-block=\"true\" data-editor=\"7eiau\" data-offset-key=\"c2q9g-0-0\">\n<div class=\"_1mf _1mj\" data-offset-key=\"c2q9g-0-0\"><span data-offset-key=\"c2q9g-0-0\">\u00a0<\/span><\/div>\n<\/div>\n<div class=\"\" data-block=\"true\" data-editor=\"7eiau\" data-offset-key=\"591u7-0-0\">\n<div class=\"_1mf _1mj\" style=\"text-align: justify;\" data-offset-key=\"591u7-0-0\"><span data-offset-key=\"591u7-0-0\">* Inscreva-se no You Tube, no Canal Frei Gilvander Luta pela Terra e por Direitos, no link: https:\/\/www.youtube.com\/user\/fgilvander e assista a outros v\u00eddeos de luta por direitos sociais. Se assistir e gostar, compartilhe. Sugerimos.<\/span><\/div>\n<\/div>\n<div data-offset-key=\"591u7-0-0\"><\/div>\n<div data-offset-key=\"591u7-0-0\">Assista \u00e0 Reportagem em v\u00eddeo no link, abaixo:<\/div>\n<div class=\"\" data-block=\"true\" data-editor=\"7eiau\" data-offset-key=\"591u7-0-0\">\n<div data-offset-key=\"591u7-0-0\"><\/div>\n<\/div>\n<div data-offset-key=\"591u7-0-0\">https:\/\/www.youtube.com\/watch?v=ur20cGyLjYY<\/div>\n<div data-offset-key=\"591u7-0-0\"><\/div>\n<div data-offset-key=\"591u7-0-0\"><\/div>\n<div data-offset-key=\"591u7-0-0\"><\/div>\n<div data-offset-key=\"591u7-0-0\"><\/div>\n<div data-offset-key=\"591u7-0-0\"><\/div>\n","protected":false},"excerpt":{"rendered":"<p>Ocupa\u00e7\u00e3o Vicent\u00e3o, no centro de Belo Horizonte, MG: do abandono de um pr\u00e9dio \u00e0 escurid\u00e3o \u00e0 luz da moradia, liberta\u00e7\u00e3o! \u2013 3\u00aa Parte \u2013 14\/1\/2018 \u00a0 A Ocupa\u00e7\u00e3o Vicent\u00e3o, no Centro de Belo Horizonte, \u00e9 um exemplo de for\u00e7a e uni\u00e3o daqueles que lutam por dias melhores e justos. Nesse v\u00eddeo, a situa\u00e7\u00e3o de abandono&#8230;<\/p>\n","protected":false},"author":8,"featured_media":5083,"comment_status":"open","ping_status":"open","sticky":false,"template":"","format":"standard","meta":{"_acf_changed":false,"footnotes":""},"categories":[23,47,41,49],"tags":[],"class_list":["post-5082","post","type-post","status-publish","format-standard","has-post-thumbnail","hentry","category-noticias","category-ocupacao-urbana","category-videos","category-videos-de-frei-gilvander"],"acf":[],"_links":{"self":[{"href":"https:\/\/www.cptmg.org.br\/portal\/wp-json\/wp\/v2\/posts\/5082","targetHints":{"allow":["GET"]}}],"collection":[{"href":"https:\/\/www.cptmg.org.br\/portal\/wp-json\/wp\/v2\/posts"}],"about":[{"href":"https:\/\/www.cptmg.org.br\/portal\/wp-json\/wp\/v2\/types\/post"}],"author":[{"embeddable":true,"href":"https:\/\/www.cptmg.org.br\/portal\/wp-json\/wp\/v2\/users\/8"}],"replies":[{"embeddable":true,"href":"https:\/\/www.cptmg.org.br\/portal\/wp-json\/wp\/v2\/comments?post=5082"}],"version-history":[{"count":0,"href":"https:\/\/www.cptmg.org.br\/portal\/wp-json\/wp\/v2\/posts\/5082\/revisions"}],"wp:featuredmedia":[{"embeddable":true,"href":"https:\/\/www.cptmg.org.br\/portal\/wp-json\/wp\/v2\/media\/5083"}],"wp:attachment":[{"href":"https:\/\/www.cptmg.org.br\/portal\/wp-json\/wp\/v2\/media?parent=5082"}],"wp:term":[{"taxonomy":"category","embeddable":true,"href":"https:\/\/www.cptmg.org.br\/portal\/wp-json\/wp\/v2\/categories?post=5082"},{"taxonomy":"post_tag","embeddable":true,"href":"https:\/\/www.cptmg.org.br\/portal\/wp-json\/wp\/v2\/tags?post=5082"}],"curies":[{"name":"wp","href":"https:\/\/api.w.org\/{rel}","templated":true}]}}