{"id":5078,"date":"2018-02-23T10:08:40","date_gmt":"2018-02-23T10:08:40","guid":{"rendered":"https:\/\/www.cptmg.org.br\/portal\/a-celebracao-final-da-21a-romaria-das-aguas-e-da-terra-de-mg-acontecera-em-lagoa-da-prata-mg-na-diocese-de-luz-em-16-9-2018-um-domingo\/"},"modified":"2025-01-31T15:42:38","modified_gmt":"2025-01-31T15:42:38","slug":"a-celebracao-final-da-21a-romaria-das-aguas-e-da-terra-de-mg-acontecera-em-lagoa-da-prata-mg-na-diocese-de-luz-em-16-9-2018-um-domingo","status":"publish","type":"post","link":"https:\/\/www.cptmg.org.br\/portal\/a-celebracao-final-da-21a-romaria-das-aguas-e-da-terra-de-mg-acontecera-em-lagoa-da-prata-mg-na-diocese-de-luz-em-16-9-2018-um-domingo\/","title":{"rendered":"XXI Romaria das \u00c1guas e da Terra de MG ter\u00e1 Celebra\u00e7\u00e3o Final em Lagoa da Prata\/MG, na Diocese de Luz, em 16\/9\/2018"},"content":{"rendered":"<p><strong>21\u00aa Romaria das \u00c1guas e da Terra de MG ter\u00e1 Celebra\u00e7\u00e3o Final em Lagoa da Prata\/MG, na Diocese de Luz, dia 16\/9\/2018.<\/strong><\/p>\n<p><img loading=\"lazy\" decoding=\"async\" class=\"size-medium wp-image-64 alignleft\" src=\"http:\/\/www.cptmg.org.br\/portal\/wp-content\/uploads\/2018\/02\/21a-Romaria-das-\u00e1guas-e-da-terra-mg-16-09-2018-1-300x225.jpg\" alt=\"\" width=\"300\" height=\"225\" \/><\/p>\n<p>Aconteceu na cidade de Pains, Diocese de Luz, MG, no dia 06\/2\/2018, a segunda reuni\u00e3o da Equipe de Coordena\u00e7\u00e3o, em prepara\u00e7\u00e3o da 21\u00aa Romaria das \u00c1guas e da Terra do Estado de Minas Gerais, que ter\u00e1 sua celebra\u00e7\u00e3o final em Lagoa da Prata\/MG, Diocese de Luz, no dia 16 de setembro de 2018, um domingo. Padres, leigos e leigas, representantes de Pastorais e\u00a0 jovens falam da import\u00e2ncia dessa Romaria em defesa da vida e convidam a todos para participarem.<\/p>\n<p><iframe loading=\"lazy\" title=\"21\u00aa Romaria das \u00c1guas e da Terra de MG acontecer\u00e1 em Lagoa da Prata\/MG\/Diocese de Luz em 16\/9\/2018\" width=\"640\" height=\"360\" src=\"https:\/\/www.youtube.com\/embed\/ntzfzrop4W0?feature=oembed\" frameborder=\"0\" allow=\"accelerometer; autoplay; clipboard-write; encrypted-media; gyroscope; picture-in-picture; web-share\" referrerpolicy=\"strict-origin-when-cross-origin\" allowfullscreen><\/iframe><\/p>\n<p><a href=\"https:\/\/www.facebook.com\/gilvander.moreiraiii.96\/videos\/354178888396886\">https:\/\/www.facebook.com\/gilvander.moreiraiii.96\/videos\/354178888396886<\/a><\/p>\n<p>*Filmagem de frei Gilvander Moreira, da CPT, das CEBs e do CEBI. Edi\u00e7\u00e3o de N\u00e1dia Oliveira. Pains\/MG, 06\/2\/2018.<\/p>\n<p>* Inscreva-se no You tube, no Canal Frei Gilvander Luta pela Terra e por Direitos, no link: https:\/\/www.youtube.com\/user\/fgilvander e assista a outros v\u00eddeos de luta por direitos sociais. Se assistir e gostar, compartilhe. Sugerimos.<\/p>\n","protected":false},"excerpt":{"rendered":"<p>21\u00aa Romaria das \u00c1guas e da Terra de MG ter\u00e1 Celebra\u00e7\u00e3o Final em Lagoa da Prata\/MG, na Diocese de Luz, dia 16\/9\/2018. Aconteceu na cidade de Pains, Diocese de Luz, MG, no dia 06\/2\/2018, a segunda reuni\u00e3o da Equipe de Coordena\u00e7\u00e3o, em prepara\u00e7\u00e3o da 21\u00aa Romaria das \u00c1guas e da Terra do Estado de Minas&#8230;<\/p>\n","protected":false},"author":8,"featured_media":5079,"comment_status":"open","ping_status":"open","sticky":false,"template":"","format":"standard","meta":{"_acf_changed":false,"footnotes":""},"categories":[52,41,49],"tags":[],"class_list":["post-5078","post","type-post","status-publish","format-standard","has-post-thumbnail","hentry","category-romaria-das-aguas-e-da-terra-de-mg","category-videos","category-videos-de-frei-gilvander"],"acf":[],"_links":{"self":[{"href":"https:\/\/www.cptmg.org.br\/portal\/wp-json\/wp\/v2\/posts\/5078","targetHints":{"allow":["GET"]}}],"collection":[{"href":"https:\/\/www.cptmg.org.br\/portal\/wp-json\/wp\/v2\/posts"}],"about":[{"href":"https:\/\/www.cptmg.org.br\/portal\/wp-json\/wp\/v2\/types\/post"}],"author":[{"embeddable":true,"href":"https:\/\/www.cptmg.org.br\/portal\/wp-json\/wp\/v2\/users\/8"}],"replies":[{"embeddable":true,"href":"https:\/\/www.cptmg.org.br\/portal\/wp-json\/wp\/v2\/comments?post=5078"}],"version-history":[{"count":0,"href":"https:\/\/www.cptmg.org.br\/portal\/wp-json\/wp\/v2\/posts\/5078\/revisions"}],"wp:featuredmedia":[{"embeddable":true,"href":"https:\/\/www.cptmg.org.br\/portal\/wp-json\/wp\/v2\/media\/5079"}],"wp:attachment":[{"href":"https:\/\/www.cptmg.org.br\/portal\/wp-json\/wp\/v2\/media?parent=5078"}],"wp:term":[{"taxonomy":"category","embeddable":true,"href":"https:\/\/www.cptmg.org.br\/portal\/wp-json\/wp\/v2\/categories?post=5078"},{"taxonomy":"post_tag","embeddable":true,"href":"https:\/\/www.cptmg.org.br\/portal\/wp-json\/wp\/v2\/tags?post=5078"}],"curies":[{"name":"wp","href":"https:\/\/api.w.org\/{rel}","templated":true}]}}